{"id":8978,"date":"2017-04-01T14:37:40","date_gmt":"2017-04-01T14:37:40","guid":{"rendered":"http:\/\/nagervermittlung-stuttgart.de\/wp\/?p=8978"},"modified":"2017-04-01T15:06:40","modified_gmt":"2017-04-01T15:06:40","slug":"erste-bilder-der-3-buben-in-stuttgart-s281","status":"publish","type":"post","link":"https:\/\/www.nagervermittlung-stuttgart.de\/wp\/erste-bilder-der-3-buben-in-stuttgart-s281\/","title":{"rendered":"Erste Bilder der 3 Chin-Buben in Stuttgart (S281)"},"content":{"rendered":"<p>Viele von Euch wissen bestimmt um den abartigen Verwahrlosungsfall aus Gelsenkirchen vergangenes Jahr.<\/p>\n<p>Die geretteten Seelen mussten erst wieder aufgep\u00e4ppelt und medizinisch versorgt werden aber nun sind viele von Ihnen offiziell zur Vermittlung freigegeben und deshalb suchen wir h\u00e4nderingend um ein neues sch\u00f6nes Zuhause, bei dem sie die H\u00f6lle, die sie durchleben mussten, vergessen k\u00f6nnen und die sch\u00f6nen Seiten des Chinchillalebens erleben k\u00f6nnen.<\/p>\n<p>Alle 3 wurden nach der Verwahrung gegen Giardien behandelt und sind nun wieder kerngesund. Nat\u00fcrlich sind sie durch die Erlebnisse mitgenommen, aber wenn man sich mit Liebe und sanft Schritt f\u00fcr Schritt an sie ann\u00e4hert, k\u00f6nnen sie wieder vertrauen fassen.<\/p>\n<p>Wer m\u00f6chte diesen wunderh\u00fcbschen Seelchen ein tolles neues, vor allem aber artgerechtes Zuhause mit viel Liebe und Geduld geben?<\/p>\n<p>Meldet Euch bei uns oder direkt im Tierheim Stuttgart<\/p>\n<p>&nbsp;<\/p>\n<div class=\"tiled-gallery type-rectangular tiled-gallery-unresized\" data-original-width=\"678\" data-carousel-extra='{&quot;blog_id&quot;:1,&quot;permalink&quot;:&quot;https:\\\/\\\/www.nagervermittlung-stuttgart.de\\\/wp\\\/erste-bilder-der-3-buben-in-stuttgart-s281\\\/&quot;,&quot;likes_blog_id&quot;:165017540}' itemscope itemtype=\"http:\/\/schema.org\/ImageGallery\" > <div class=\"gallery-row\" style=\"width: 678px; height: 303px;\" data-original-width=\"678\" data-original-height=\"303\" > <div class=\"gallery-group images-1\" style=\"width: 453px; height: 303px;\" data-original-width=\"453\" data-original-height=\"303\" > <div class=\"tiled-gallery-item tiled-gallery-item-large\" itemprop=\"associatedMedia\" itemscope itemtype=\"http:\/\/schema.org\/ImageObject\"> <a href=\"https:\/\/www.nagervermittlung-stuttgart.de\/wp\/erste-bilder-der-3-buben-in-stuttgart-s281\/s281\/\" border=\"0\" itemprop=\"url\"> <meta itemprop=\"width\" content=\"449\"> <meta itemprop=\"height\" content=\"299\"> <img data-attachment-id=\"8981\" data-orig-file=\"https:\/\/www.nagervermittlung-stuttgart.de\/wp-content\/uploads\/2017\/04\/s281.jpeg\" data-orig-size=\"800,533\" data-comments-opened=\"\" data-image-meta=\"{&quot;aperture&quot;:&quot;0&quot;,&quot;credit&quot;:&quot;&quot;,&quot;camera&quot;:&quot;&quot;,&quot;caption&quot;:&quot;&quot;,&quot;created_timestamp&quot;:&quot;0&quot;,&quot;copyright&quot;:&quot;&quot;,&quot;focal_length&quot;:&quot;0&quot;,&quot;iso&quot;:&quot;0&quot;,&quot;shutter_speed&quot;:&quot;0&quot;,&quot;title&quot;:&quot;&quot;,&quot;orientation&quot;:&quot;0&quot;}\" data-image-title=\"s281\" data-image-description=\"&lt;p&gt;Entschuldigung aber du hast nicht die Rechte um dieses Post zu sehen!&lt;\/p&gt; \" data-medium-file=\"https:\/\/i0.wp.com\/www.nagervermittlung-stuttgart.de\/wp-content\/uploads\/2017\/04\/s281.jpeg?fit=600%2C400&#038;ssl=1\" data-large-file=\"https:\/\/i0.wp.com\/www.nagervermittlung-stuttgart.de\/wp-content\/uploads\/2017\/04\/s281.jpeg?fit=678%2C452&#038;ssl=1\" src=\"https:\/\/i0.wp.com\/www.nagervermittlung-stuttgart.de\/wp-content\/uploads\/2017\/04\/s281.jpeg?w=449&#038;h=299&#038;ssl=1\" width=\"449\" height=\"299\" data-original-width=\"449\" data-original-height=\"299\" itemprop=\"http:\/\/schema.org\/image\" title=\"s281\" alt=\"s281\" style=\"width: 449px; height: 299px;\" \/> <\/a> <\/div> <\/div> <!-- close group --> <div class=\"gallery-group images-2\" style=\"width: 225px; height: 303px;\" data-original-width=\"225\" data-original-height=\"303\" > <div class=\"tiled-gallery-item tiled-gallery-item-small\" itemprop=\"associatedMedia\" itemscope itemtype=\"http:\/\/schema.org\/ImageObject\"> <a href=\"https:\/\/www.nagervermittlung-stuttgart.de\/wp\/erste-bilder-der-3-buben-in-stuttgart-s281\/s281-3\/\" border=\"0\" itemprop=\"url\"> <meta itemprop=\"width\" content=\"221\"> <meta itemprop=\"height\" content=\"148\"> <img data-attachment-id=\"8980\" data-orig-file=\"https:\/\/www.nagervermittlung-stuttgart.de\/wp-content\/uploads\/2017\/04\/s281-3.jpeg\" data-orig-size=\"800,533\" data-comments-opened=\"\" data-image-meta=\"{&quot;aperture&quot;:&quot;0&quot;,&quot;credit&quot;:&quot;&quot;,&quot;camera&quot;:&quot;&quot;,&quot;caption&quot;:&quot;&quot;,&quot;created_timestamp&quot;:&quot;0&quot;,&quot;copyright&quot;:&quot;&quot;,&quot;focal_length&quot;:&quot;0&quot;,&quot;iso&quot;:&quot;0&quot;,&quot;shutter_speed&quot;:&quot;0&quot;,&quot;title&quot;:&quot;&quot;,&quot;orientation&quot;:&quot;0&quot;}\" data-image-title=\"s281 3\" data-image-description=\"&lt;p&gt;Entschuldigung aber du hast nicht die Rechte um dieses Post zu sehen!&lt;\/p&gt; \" data-medium-file=\"https:\/\/i0.wp.com\/www.nagervermittlung-stuttgart.de\/wp-content\/uploads\/2017\/04\/s281-3.jpeg?fit=600%2C400&#038;ssl=1\" data-large-file=\"https:\/\/i0.wp.com\/www.nagervermittlung-stuttgart.de\/wp-content\/uploads\/2017\/04\/s281-3.jpeg?fit=678%2C452&#038;ssl=1\" src=\"https:\/\/i0.wp.com\/www.nagervermittlung-stuttgart.de\/wp-content\/uploads\/2017\/04\/s281-3.jpeg?w=221&#038;h=148&#038;ssl=1\" width=\"221\" height=\"148\" data-original-width=\"221\" data-original-height=\"148\" itemprop=\"http:\/\/schema.org\/image\" title=\"s281 3\" alt=\"s281 3\" style=\"width: 221px; height: 148px;\" \/> <\/a> <\/div> <div class=\"tiled-gallery-item tiled-gallery-item-small\" itemprop=\"associatedMedia\" itemscope itemtype=\"http:\/\/schema.org\/ImageObject\"> <a href=\"https:\/\/www.nagervermittlung-stuttgart.de\/wp\/erste-bilder-der-3-buben-in-stuttgart-s281\/s281-2\/\" border=\"0\" itemprop=\"url\"> <meta itemprop=\"width\" content=\"221\"> <meta itemprop=\"height\" content=\"147\"> <img data-attachment-id=\"8979\" data-orig-file=\"https:\/\/www.nagervermittlung-stuttgart.de\/wp-content\/uploads\/2017\/04\/s281-2.jpeg\" data-orig-size=\"800,533\" data-comments-opened=\"\" data-image-meta=\"{&quot;aperture&quot;:&quot;0&quot;,&quot;credit&quot;:&quot;&quot;,&quot;camera&quot;:&quot;&quot;,&quot;caption&quot;:&quot;&quot;,&quot;created_timestamp&quot;:&quot;0&quot;,&quot;copyright&quot;:&quot;&quot;,&quot;focal_length&quot;:&quot;0&quot;,&quot;iso&quot;:&quot;0&quot;,&quot;shutter_speed&quot;:&quot;0&quot;,&quot;title&quot;:&quot;&quot;,&quot;orientation&quot;:&quot;0&quot;}\" data-image-title=\"s281 2\" data-image-description=\"&lt;p&gt;Entschuldigung aber du hast nicht die Rechte um dieses Post zu sehen!&lt;\/p&gt; \" data-medium-file=\"https:\/\/i1.wp.com\/www.nagervermittlung-stuttgart.de\/wp-content\/uploads\/2017\/04\/s281-2.jpeg?fit=600%2C400&#038;ssl=1\" data-large-file=\"https:\/\/i1.wp.com\/www.nagervermittlung-stuttgart.de\/wp-content\/uploads\/2017\/04\/s281-2.jpeg?fit=678%2C452&#038;ssl=1\" src=\"https:\/\/i1.wp.com\/www.nagervermittlung-stuttgart.de\/wp-content\/uploads\/2017\/04\/s281-2.jpeg?w=221&#038;h=147&#038;ssl=1\" width=\"221\" height=\"147\" data-original-width=\"221\" data-original-height=\"147\" itemprop=\"http:\/\/schema.org\/image\" title=\"s281 2\" alt=\"s281 2\" style=\"width: 221px; height: 147px;\" \/> <\/a> <\/div> <\/div> <!-- close group --> <\/div> <!-- close row --> <\/div>\n","protected":false},"excerpt":{"rendered":"<p>Viele von Euch wissen bestimmt um den abartigen Verwahrlosungsfall aus Gelsenkirchen vergangenes Jahr. Die geretteten Seelen mussten erst wieder aufgep\u00e4ppelt und medizinisch versorgt werden aber nun sind viele von Ihnen <a class=\"more-link\" href=\"https:\/\/www.nagervermittlung-stuttgart.de\/wp\/erste-bilder-der-3-buben-in-stuttgart-s281\/\">Mehr \u2192<\/a><\/p>\n","protected":false},"author":12,"featured_media":0,"comment_status":"closed","ping_status":"open","sticky":false,"template":"","format":"standard","meta":{"spay_email":"","jetpack_publicize_message":"","jetpack_is_tweetstorm":false},"categories":[],"tags":[],"jetpack_featured_media_url":"","jetpack_publicize_connections":[],"jetpack_sharing_enabled":true,"_links":{"self":[{"href":"https:\/\/www.nagervermittlung-stuttgart.de\/wp\/wp-json\/wp\/v2\/posts\/8978"}],"collection":[{"href":"https:\/\/www.nagervermittlung-stuttgart.de\/wp\/wp-json\/wp\/v2\/posts"}],"about":[{"href":"https:\/\/www.nagervermittlung-stuttgart.de\/wp\/wp-json\/wp\/v2\/types\/post"}],"author":[{"embeddable":true,"href":"https:\/\/www.nagervermittlung-stuttgart.de\/wp\/wp-json\/wp\/v2\/users\/12"}],"replies":[{"embeddable":true,"href":"https:\/\/www.nagervermittlung-stuttgart.de\/wp\/wp-json\/wp\/v2\/comments?post=8978"}],"version-history":[{"count":4,"href":"https:\/\/www.nagervermittlung-stuttgart.de\/wp\/wp-json\/wp\/v2\/posts\/8978\/revisions"}],"predecessor-version":[{"id":9012,"href":"https:\/\/www.nagervermittlung-stuttgart.de\/wp\/wp-json\/wp\/v2\/posts\/8978\/revisions\/9012"}],"wp:attachment":[{"href":"https:\/\/www.nagervermittlung-stuttgart.de\/wp\/wp-json\/wp\/v2\/media?parent=8978"}],"wp:term":[{"taxonomy":"category","embeddable":true,"href":"https:\/\/www.nagervermittlung-stuttgart.de\/wp\/wp-json\/wp\/v2\/categories?post=8978"},{"taxonomy":"post_tag","embeddable":true,"href":"https:\/\/www.nagervermittlung-stuttgart.de\/wp\/wp-json\/wp\/v2\/tags?post=8978"}],"curies":[{"name":"wp","href":"https:\/\/api.w.org\/{rel}","templated":true}]}}