{"id":8234,"date":"2017-01-05T20:51:34","date_gmt":"2017-01-05T20:51:34","guid":{"rendered":"http:\/\/nagervermittlung-stuttgart.de\/wp\/?p=8234"},"modified":"2017-01-05T20:51:34","modified_gmt":"2017-01-05T20:51:34","slug":"degus-grosser-streit-nun-alle-alleine-s249","status":"publish","type":"post","link":"https:\/\/www.nagervermittlung-stuttgart.de\/wp\/degus-grosser-streit-nun-alle-alleine-s249\/","title":{"rendered":"Degus: Gro\u00dfer Streit, nun alle alleine! (S249)"},"content":{"rendered":"<p>Leider haben die Degus sich heftig zerstritten, auch als man sie in zwei P\u00e4rchen getrennt hat gab es weiterhin k\u00e4mpfende Flug-B\u00e4lle&#8230; Nun sitzen alle einzeln, einer wurde bereits kastriert. Die beiden Agoutis sind eher sch\u00fcchtern wohin gegen der Schecke und der Blaue sehr nett und neugierig Leckerli aus der Hand nehmen. Leider sind sowohl der Blaue als auch Schecke und ein Agouti sehr verbissen, beim Agouti ist der R\u00fccken eine gro\u00dfe Wunde, der blaue hat ein Bisse am Hals abbekommen.<\/p>\n<div class=\"tiled-gallery type-rectangular tiled-gallery-unresized\" data-original-width=\"678\" data-carousel-extra='{&quot;blog_id&quot;:1,&quot;permalink&quot;:&quot;https:\\\/\\\/www.nagervermittlung-stuttgart.de\\\/wp\\\/degus-grosser-streit-nun-alle-alleine-s249\\\/&quot;,&quot;likes_blog_id&quot;:165017540}' itemscope itemtype=\"http:\/\/schema.org\/ImageGallery\" > <div class=\"gallery-row\" style=\"width: 678px; height: 303px;\" data-original-width=\"678\" data-original-height=\"303\" > <div class=\"gallery-group images-1\" style=\"width: 453px; height: 303px;\" data-original-width=\"453\" data-original-height=\"303\" > <div class=\"tiled-gallery-item tiled-gallery-item-large\" itemprop=\"associatedMedia\" itemscope itemtype=\"http:\/\/schema.org\/ImageObject\"> <a href=\"https:\/\/www.nagervermittlung-stuttgart.de\/wp\/degus-grosser-streit-nun-alle-alleine-s249\/img_7901\/\" border=\"0\" itemprop=\"url\"> <meta itemprop=\"width\" content=\"449\"> <meta itemprop=\"height\" content=\"299\"> <img data-attachment-id=\"8239\" data-orig-file=\"https:\/\/www.nagervermittlung-stuttgart.de\/wp-content\/uploads\/2017\/01\/IMG_7901.jpg\" data-orig-size=\"1024,683\" data-comments-opened=\"\" data-image-meta=\"{&quot;aperture&quot;:&quot;4&quot;,&quot;credit&quot;:&quot;&quot;,&quot;camera&quot;:&quot;Canon EOS 650D&quot;,&quot;caption&quot;:&quot;&quot;,&quot;created_timestamp&quot;:&quot;1483634018&quot;,&quot;copyright&quot;:&quot;&quot;,&quot;focal_length&quot;:&quot;27&quot;,&quot;iso&quot;:&quot;100&quot;,&quot;shutter_speed&quot;:&quot;0.005&quot;,&quot;title&quot;:&quot;&quot;,&quot;orientation&quot;:&quot;1&quot;}\" data-image-title=\"img_7901\" data-image-description=\"&lt;p&gt;Entschuldigung aber du hast nicht die Rechte um dieses Post zu sehen!&lt;\/p&gt; \" data-medium-file=\"https:\/\/i2.wp.com\/www.nagervermittlung-stuttgart.de\/wp-content\/uploads\/2017\/01\/IMG_7901.jpg?fit=600%2C400&#038;ssl=1\" data-large-file=\"https:\/\/i2.wp.com\/www.nagervermittlung-stuttgart.de\/wp-content\/uploads\/2017\/01\/IMG_7901.jpg?fit=678%2C452&#038;ssl=1\" src=\"https:\/\/i2.wp.com\/www.nagervermittlung-stuttgart.de\/wp-content\/uploads\/2017\/01\/IMG_7901.jpg?w=449&#038;h=299&#038;ssl=1\" width=\"449\" height=\"299\" data-original-width=\"449\" data-original-height=\"299\" itemprop=\"http:\/\/schema.org\/image\" title=\"img_7901\" alt=\"img_7901\" style=\"width: 449px; height: 299px;\" \/> <\/a> <\/div> <\/div> <!-- close group --> <div class=\"gallery-group images-2\" style=\"width: 225px; height: 303px;\" data-original-width=\"225\" data-original-height=\"303\" > <div class=\"tiled-gallery-item tiled-gallery-item-small\" itemprop=\"associatedMedia\" itemscope itemtype=\"http:\/\/schema.org\/ImageObject\"> <a href=\"https:\/\/www.nagervermittlung-stuttgart.de\/wp\/degus-grosser-streit-nun-alle-alleine-s249\/img_7900\/\" border=\"0\" itemprop=\"url\"> <meta itemprop=\"width\" content=\"221\"> <meta itemprop=\"height\" content=\"148\"> <img data-attachment-id=\"8238\" data-orig-file=\"https:\/\/www.nagervermittlung-stuttgart.de\/wp-content\/uploads\/2017\/01\/IMG_7900.jpg\" data-orig-size=\"1024,683\" data-comments-opened=\"\" data-image-meta=\"{&quot;aperture&quot;:&quot;5&quot;,&quot;credit&quot;:&quot;&quot;,&quot;camera&quot;:&quot;Canon EOS 650D&quot;,&quot;caption&quot;:&quot;&quot;,&quot;created_timestamp&quot;:&quot;1483633969&quot;,&quot;copyright&quot;:&quot;&quot;,&quot;focal_length&quot;:&quot;44&quot;,&quot;iso&quot;:&quot;100&quot;,&quot;shutter_speed&quot;:&quot;0.005&quot;,&quot;title&quot;:&quot;&quot;,&quot;orientation&quot;:&quot;1&quot;}\" data-image-title=\"img_7900\" data-image-description=\"&lt;p&gt;Entschuldigung aber du hast nicht die Rechte um dieses Post zu sehen!&lt;\/p&gt; \" data-medium-file=\"https:\/\/i1.wp.com\/www.nagervermittlung-stuttgart.de\/wp-content\/uploads\/2017\/01\/IMG_7900.jpg?fit=600%2C400&#038;ssl=1\" data-large-file=\"https:\/\/i1.wp.com\/www.nagervermittlung-stuttgart.de\/wp-content\/uploads\/2017\/01\/IMG_7900.jpg?fit=678%2C452&#038;ssl=1\" src=\"https:\/\/i1.wp.com\/www.nagervermittlung-stuttgart.de\/wp-content\/uploads\/2017\/01\/IMG_7900.jpg?w=221&#038;h=148&#038;ssl=1\" width=\"221\" height=\"148\" data-original-width=\"221\" data-original-height=\"148\" itemprop=\"http:\/\/schema.org\/image\" title=\"img_7900\" alt=\"img_7900\" style=\"width: 221px; height: 148px;\" \/> <\/a> <\/div> <div class=\"tiled-gallery-item tiled-gallery-item-small\" itemprop=\"associatedMedia\" itemscope itemtype=\"http:\/\/schema.org\/ImageObject\"> <a href=\"https:\/\/www.nagervermittlung-stuttgart.de\/wp\/degus-grosser-streit-nun-alle-alleine-s249\/img_7898\/\" border=\"0\" itemprop=\"url\"> <meta itemprop=\"width\" content=\"221\"> <meta itemprop=\"height\" content=\"147\"> <img data-attachment-id=\"8237\" data-orig-file=\"https:\/\/www.nagervermittlung-stuttgart.de\/wp-content\/uploads\/2017\/01\/IMG_7898.jpg\" data-orig-size=\"1024,683\" data-comments-opened=\"\" data-image-meta=\"{&quot;aperture&quot;:&quot;5&quot;,&quot;credit&quot;:&quot;&quot;,&quot;camera&quot;:&quot;Canon EOS 650D&quot;,&quot;caption&quot;:&quot;&quot;,&quot;created_timestamp&quot;:&quot;1483633965&quot;,&quot;copyright&quot;:&quot;&quot;,&quot;focal_length&quot;:&quot;44&quot;,&quot;iso&quot;:&quot;100&quot;,&quot;shutter_speed&quot;:&quot;0.005&quot;,&quot;title&quot;:&quot;&quot;,&quot;orientation&quot;:&quot;1&quot;}\" data-image-title=\"img_7898\" data-image-description=\"&lt;p&gt;Entschuldigung aber du hast nicht die Rechte um dieses Post zu sehen!&lt;\/p&gt; \" data-medium-file=\"https:\/\/i0.wp.com\/www.nagervermittlung-stuttgart.de\/wp-content\/uploads\/2017\/01\/IMG_7898.jpg?fit=600%2C400&#038;ssl=1\" data-large-file=\"https:\/\/i0.wp.com\/www.nagervermittlung-stuttgart.de\/wp-content\/uploads\/2017\/01\/IMG_7898.jpg?fit=678%2C452&#038;ssl=1\" src=\"https:\/\/i0.wp.com\/www.nagervermittlung-stuttgart.de\/wp-content\/uploads\/2017\/01\/IMG_7898.jpg?w=221&#038;h=147&#038;ssl=1\" width=\"221\" height=\"147\" data-original-width=\"221\" data-original-height=\"147\" itemprop=\"http:\/\/schema.org\/image\" title=\"img_7898\" alt=\"img_7898\" style=\"width: 221px; height: 147px;\" \/> <\/a> <\/div> <\/div> <!-- close group --> <\/div> <!-- close row --> <div class=\"gallery-row\" style=\"width: 678px; height: 227px;\" data-original-width=\"678\" data-original-height=\"227\" > <div class=\"gallery-group images-1\" style=\"width: 339px; height: 227px;\" data-original-width=\"339\" data-original-height=\"227\" > <div class=\"tiled-gallery-item tiled-gallery-item-large\" itemprop=\"associatedMedia\" itemscope itemtype=\"http:\/\/schema.org\/ImageObject\"> <a href=\"https:\/\/www.nagervermittlung-stuttgart.de\/wp\/degus-grosser-streit-nun-alle-alleine-s249\/img_7895\/\" border=\"0\" itemprop=\"url\"> <meta itemprop=\"width\" content=\"335\"> <meta itemprop=\"height\" content=\"223\"> <img data-attachment-id=\"8236\" data-orig-file=\"https:\/\/www.nagervermittlung-stuttgart.de\/wp-content\/uploads\/2017\/01\/IMG_7895.jpg\" data-orig-size=\"1024,683\" data-comments-opened=\"\" data-image-meta=\"{&quot;aperture&quot;:&quot;5&quot;,&quot;credit&quot;:&quot;&quot;,&quot;camera&quot;:&quot;Canon EOS 650D&quot;,&quot;caption&quot;:&quot;&quot;,&quot;created_timestamp&quot;:&quot;1483633913&quot;,&quot;copyright&quot;:&quot;&quot;,&quot;focal_length&quot;:&quot;40&quot;,&quot;iso&quot;:&quot;100&quot;,&quot;shutter_speed&quot;:&quot;0.005&quot;,&quot;title&quot;:&quot;&quot;,&quot;orientation&quot;:&quot;1&quot;}\" data-image-title=\"img_7895\" data-image-description=\"&lt;p&gt;Entschuldigung aber du hast nicht die Rechte um dieses Post zu sehen!&lt;\/p&gt; \" data-medium-file=\"https:\/\/i0.wp.com\/www.nagervermittlung-stuttgart.de\/wp-content\/uploads\/2017\/01\/IMG_7895.jpg?fit=600%2C400&#038;ssl=1\" data-large-file=\"https:\/\/i0.wp.com\/www.nagervermittlung-stuttgart.de\/wp-content\/uploads\/2017\/01\/IMG_7895.jpg?fit=678%2C452&#038;ssl=1\" src=\"https:\/\/i0.wp.com\/www.nagervermittlung-stuttgart.de\/wp-content\/uploads\/2017\/01\/IMG_7895.jpg?w=335&#038;h=223&#038;ssl=1\" width=\"335\" height=\"223\" data-original-width=\"335\" data-original-height=\"223\" itemprop=\"http:\/\/schema.org\/image\" title=\"img_7895\" alt=\"img_7895\" style=\"width: 335px; height: 223px;\" \/> <\/a> <\/div> <\/div> <!-- close group --> <div class=\"gallery-group images-1\" style=\"width: 339px; height: 227px;\" data-original-width=\"339\" data-original-height=\"227\" > <div class=\"tiled-gallery-item tiled-gallery-item-large\" itemprop=\"associatedMedia\" itemscope itemtype=\"http:\/\/schema.org\/ImageObject\"> <a href=\"https:\/\/www.nagervermittlung-stuttgart.de\/wp\/degus-grosser-streit-nun-alle-alleine-s249\/img_7891\/\" border=\"0\" itemprop=\"url\"> <meta itemprop=\"width\" content=\"335\"> <meta itemprop=\"height\" content=\"223\"> <img data-attachment-id=\"8235\" data-orig-file=\"https:\/\/www.nagervermittlung-stuttgart.de\/wp-content\/uploads\/2017\/01\/IMG_7891.jpg\" data-orig-size=\"1024,683\" data-comments-opened=\"\" data-image-meta=\"{&quot;aperture&quot;:&quot;5&quot;,&quot;credit&quot;:&quot;&quot;,&quot;camera&quot;:&quot;Canon EOS 650D&quot;,&quot;caption&quot;:&quot;&quot;,&quot;created_timestamp&quot;:&quot;1483633867&quot;,&quot;copyright&quot;:&quot;&quot;,&quot;focal_length&quot;:&quot;40&quot;,&quot;iso&quot;:&quot;100&quot;,&quot;shutter_speed&quot;:&quot;0.005&quot;,&quot;title&quot;:&quot;&quot;,&quot;orientation&quot;:&quot;1&quot;}\" data-image-title=\"img_7891\" data-image-description=\"&lt;p&gt;Entschuldigung aber du hast nicht die Rechte um dieses Post zu sehen!&lt;\/p&gt; \" data-medium-file=\"https:\/\/i0.wp.com\/www.nagervermittlung-stuttgart.de\/wp-content\/uploads\/2017\/01\/IMG_7891.jpg?fit=600%2C400&#038;ssl=1\" data-large-file=\"https:\/\/i0.wp.com\/www.nagervermittlung-stuttgart.de\/wp-content\/uploads\/2017\/01\/IMG_7891.jpg?fit=678%2C452&#038;ssl=1\" src=\"https:\/\/i0.wp.com\/www.nagervermittlung-stuttgart.de\/wp-content\/uploads\/2017\/01\/IMG_7891.jpg?w=335&#038;h=223&#038;ssl=1\" width=\"335\" height=\"223\" data-original-width=\"335\" data-original-height=\"223\" itemprop=\"http:\/\/schema.org\/image\" title=\"img_7891\" alt=\"img_7891\" style=\"width: 335px; height: 223px;\" \/> <\/a> <\/div> <\/div> <!-- close group --> <\/div> <!-- close row --> <\/div>\n","protected":false},"excerpt":{"rendered":"<p>Leider haben die Degus sich heftig zerstritten, auch als man sie in zwei P\u00e4rchen getrennt hat gab es weiterhin k\u00e4mpfende Flug-B\u00e4lle&#8230; Nun sitzen alle einzeln, einer wurde bereits kastriert. Die <a class=\"more-link\" href=\"https:\/\/www.nagervermittlung-stuttgart.de\/wp\/degus-grosser-streit-nun-alle-alleine-s249\/\">Mehr \u2192<\/a><\/p>\n","protected":false},"author":4,"featured_media":0,"comment_status":"closed","ping_status":"open","sticky":false,"template":"","format":"standard","meta":{"spay_email":"","jetpack_publicize_message":"","jetpack_is_tweetstorm":false},"categories":[],"tags":[],"jetpack_featured_media_url":"","jetpack_publicize_connections":[],"jetpack_sharing_enabled":true,"_links":{"self":[{"href":"https:\/\/www.nagervermittlung-stuttgart.de\/wp\/wp-json\/wp\/v2\/posts\/8234"}],"collection":[{"href":"https:\/\/www.nagervermittlung-stuttgart.de\/wp\/wp-json\/wp\/v2\/posts"}],"about":[{"href":"https:\/\/www.nagervermittlung-stuttgart.de\/wp\/wp-json\/wp\/v2\/types\/post"}],"author":[{"embeddable":true,"href":"https:\/\/www.nagervermittlung-stuttgart.de\/wp\/wp-json\/wp\/v2\/users\/4"}],"replies":[{"embeddable":true,"href":"https:\/\/www.nagervermittlung-stuttgart.de\/wp\/wp-json\/wp\/v2\/comments?post=8234"}],"version-history":[{"count":1,"href":"https:\/\/www.nagervermittlung-stuttgart.de\/wp\/wp-json\/wp\/v2\/posts\/8234\/revisions"}],"predecessor-version":[{"id":8240,"href":"https:\/\/www.nagervermittlung-stuttgart.de\/wp\/wp-json\/wp\/v2\/posts\/8234\/revisions\/8240"}],"wp:attachment":[{"href":"https:\/\/www.nagervermittlung-stuttgart.de\/wp\/wp-json\/wp\/v2\/media?parent=8234"}],"wp:term":[{"taxonomy":"category","embeddable":true,"href":"https:\/\/www.nagervermittlung-stuttgart.de\/wp\/wp-json\/wp\/v2\/categories?post=8234"},{"taxonomy":"post_tag","embeddable":true,"href":"https:\/\/www.nagervermittlung-stuttgart.de\/wp\/wp-json\/wp\/v2\/tags?post=8234"}],"curies":[{"name":"wp","href":"https:\/\/api.w.org\/{rel}","templated":true}]}}