{"id":6455,"date":"2016-07-21T11:46:01","date_gmt":"2016-07-21T11:46:01","guid":{"rendered":"http:\/\/nagervermittlung-stuttgart.de\/wp\/?p=6455"},"modified":"2016-07-23T09:07:36","modified_gmt":"2016-07-23T09:07:36","slug":"rudel-uebersicht-ratten-hn190","status":"publish","type":"post","link":"https:\/\/www.nagervermittlung-stuttgart.de\/wp\/rudel-uebersicht-ratten-hn190\/","title":{"rendered":"Rudel-\u00dcbersicht Ratten (HN190)"},"content":{"rendered":"<p>Standort: Tierheim Heilbronn<br \/>\nin der Vermittlung seit: 06\/2016<\/p>\n\n<table id=\"tablepress-hn190\" class=\"tablepress tablepress-id-hn190\">\n<thead>\n<tr class=\"row-1 odd\">\n\t<th class=\"column-1\">Buch-Nr\/Name<\/th><th class=\"column-2\">Geb-Datum<\/th><th class=\"column-3\">Geschlecht<\/th><th class=\"column-4\">Farbe\/<br \/>\nZeichnung<\/th><th class=\"column-5\">Besonderheit \/ Charaktereigenschaft<\/th><th class=\"column-6\">aktueller Stand<\/th>\n<\/tr>\n<\/thead>\n<tbody class=\"row-hover\">\n<tr class=\"row-2 even\">\n\t<td class=\"column-1\">Kastrat 1<\/td><td class=\"column-2\">ca 02\/2015<\/td><td class=\"column-3\">mk<\/td><td class=\"column-4\">schwarz-wei\u00df<\/td><td class=\"column-5\">sch\u00fcchtern<\/td><td class=\"column-6\">vermittelt 08\/16<\/td>\n<\/tr>\n<tr class=\"row-3 odd\">\n\t<td class=\"column-1\">Kastrat 2<\/td><td class=\"column-2\">ca 02\/2015<\/td><td class=\"column-3\">mk<\/td><td class=\"column-4\">schwarz-wei\u00df<\/td><td class=\"column-5\">sch\u00fcchtern<\/td><td class=\"column-6\">vermittelt 08\/16<\/td>\n<\/tr>\n<tr class=\"row-4 even\">\n\t<td class=\"column-1\">Kastrat 3<\/td><td class=\"column-2\">ca 02\/2015<\/td><td class=\"column-3\">mk<\/td><td class=\"column-4\">schwarz-wei\u00df<\/td><td class=\"column-5\">sch\u00fcchtern<\/td><td class=\"column-6\">vermittelt 08\/16<\/td>\n<\/tr>\n<\/tbody>\n<\/table>\n<!-- #tablepress-hn190 from cache -->\n<p><em>Das Tierheim Heilbronn wird nicht von uns selbst betreut, daher k\u00f6nnen wir nicht f\u00fcr die Richtigkeit der Angaben garantieren. Angaben ob das Tier zahm, gesund usw. ist, k\u00f6nnen wir nicht \u00fcberpr\u00fcfen.<\/em><\/p>\n<p><strong><b>Bei Interesse an diesen Ratten <\/b><a href=\"http:\/\/nagervermittlung-stuttgart.de\/wp\/vermittlungsablauf-kontakt\/kontakt-zu-uns\/\" target=\"_blank\"><u><span style=\"color: #085e55;\"><b>wende dich an uns<\/b><\/span><\/u><\/a><b>, wir stellen dann den Kontakt zur Vermittlerin her.<\/b><\/strong><\/p>\n<p><strong>Anschrift des Tierheims:<\/strong><br \/>\nTierschutzverein Heilbronn und Umgebung e.V.<br \/>\nFranz-Reichle-Str. 20<br \/>\n74078 Heilbronn<br \/>\nTel: 07131-22822<\/p>\n","protected":false},"excerpt":{"rendered":"<p>Standort: Tierheim Heilbronn in der Vermittlung seit: 06\/2016 Das Tierheim Heilbronn wird nicht von uns selbst betreut, daher k\u00f6nnen wir nicht f\u00fcr die Richtigkeit der Angaben garantieren. Angaben ob das <a class=\"more-link\" href=\"https:\/\/www.nagervermittlung-stuttgart.de\/wp\/rudel-uebersicht-ratten-hn190\/\">Mehr \u2192<\/a><\/p>\n","protected":false},"author":1,"featured_media":0,"comment_status":"closed","ping_status":"open","sticky":false,"template":"","format":"standard","meta":{"spay_email":"","jetpack_publicize_message":"","jetpack_is_tweetstorm":false},"categories":[380],"tags":[],"jetpack_featured_media_url":"","jetpack_publicize_connections":[],"jetpack_sharing_enabled":true,"_links":{"self":[{"href":"https:\/\/www.nagervermittlung-stuttgart.de\/wp\/wp-json\/wp\/v2\/posts\/6455"}],"collection":[{"href":"https:\/\/www.nagervermittlung-stuttgart.de\/wp\/wp-json\/wp\/v2\/posts"}],"about":[{"href":"https:\/\/www.nagervermittlung-stuttgart.de\/wp\/wp-json\/wp\/v2\/types\/post"}],"author":[{"embeddable":true,"href":"https:\/\/www.nagervermittlung-stuttgart.de\/wp\/wp-json\/wp\/v2\/users\/1"}],"replies":[{"embeddable":true,"href":"https:\/\/www.nagervermittlung-stuttgart.de\/wp\/wp-json\/wp\/v2\/comments?post=6455"}],"version-history":[{"count":2,"href":"https:\/\/www.nagervermittlung-stuttgart.de\/wp\/wp-json\/wp\/v2\/posts\/6455\/revisions"}],"predecessor-version":[{"id":6498,"href":"https:\/\/www.nagervermittlung-stuttgart.de\/wp\/wp-json\/wp\/v2\/posts\/6455\/revisions\/6498"}],"wp:attachment":[{"href":"https:\/\/www.nagervermittlung-stuttgart.de\/wp\/wp-json\/wp\/v2\/media?parent=6455"}],"wp:term":[{"taxonomy":"category","embeddable":true,"href":"https:\/\/www.nagervermittlung-stuttgart.de\/wp\/wp-json\/wp\/v2\/categories?post=6455"},{"taxonomy":"post_tag","embeddable":true,"href":"https:\/\/www.nagervermittlung-stuttgart.de\/wp\/wp-json\/wp\/v2\/tags?post=6455"}],"curies":[{"name":"wp","href":"https:\/\/api.w.org\/{rel}","templated":true}]}}