{"id":4622,"date":"2016-02-21T10:40:32","date_gmt":"2016-02-21T10:40:32","guid":{"rendered":"http:\/\/nagervermittlung-stuttgart.de\/wp\/?p=4622"},"modified":"2016-02-21T10:40:32","modified_gmt":"2016-02-21T10:40:32","slug":"im-tierheim-geboren-schon-ein-jahr-ohne-interessenten-s35","status":"publish","type":"post","link":"https:\/\/www.nagervermittlung-stuttgart.de\/wp\/im-tierheim-geboren-schon-ein-jahr-ohne-interessenten-s35\/","title":{"rendered":"Im Tierheim geboren, schon ein Jahr ohne Interessenten (S35)"},"content":{"rendered":"<p>Die beiden M\u00e4dels sind die Langzeitinsassen des TH Stuttgart, sie brauchen ein ruhiges verst\u00e4ndnisvolles Heim, sind aber durchaus neugierig und k\u00f6nnen bestimmt tolle Haustiere werden.<\/p>\n<div class=\"tiled-gallery type-rectangular tiled-gallery-unresized\" data-original-width=\"678\" data-carousel-extra='{&quot;blog_id&quot;:1,&quot;permalink&quot;:&quot;https:\\\/\\\/www.nagervermittlung-stuttgart.de\\\/wp\\\/im-tierheim-geboren-schon-ein-jahr-ohne-interessenten-s35\\\/&quot;,&quot;likes_blog_id&quot;:165017540}' itemscope itemtype=\"http:\/\/schema.org\/ImageGallery\" > <div class=\"gallery-row\" style=\"width: 678px; height: 340px;\" data-original-width=\"678\" data-original-height=\"340\" > <div class=\"gallery-group images-1\" style=\"width: 452px; height: 340px;\" data-original-width=\"452\" data-original-height=\"340\" > <div class=\"tiled-gallery-item tiled-gallery-item-large\" itemprop=\"associatedMedia\" itemscope itemtype=\"http:\/\/schema.org\/ImageObject\"> <a href=\"https:\/\/www.nagervermittlung-stuttgart.de\/wp\/schon-lange-im-tierheim-die-hoffnung-stirbt-zuletzt-s37\/img_1839\/\" border=\"0\" itemprop=\"url\"> <meta itemprop=\"width\" content=\"448\"> <meta itemprop=\"height\" content=\"336\"> <img data-attachment-id=\"4609\" data-orig-file=\"https:\/\/www.nagervermittlung-stuttgart.de\/wp-content\/uploads\/2016\/02\/IMG_1839.jpg\" data-orig-size=\"800,600\" data-comments-opened=\"\" data-image-meta=\"{&quot;aperture&quot;:&quot;5.6&quot;,&quot;credit&quot;:&quot;&quot;,&quot;camera&quot;:&quot;Canon EOS 650D&quot;,&quot;caption&quot;:&quot;&quot;,&quot;created_timestamp&quot;:&quot;1455982718&quot;,&quot;copyright&quot;:&quot;&quot;,&quot;focal_length&quot;:&quot;51&quot;,&quot;iso&quot;:&quot;100&quot;,&quot;shutter_speed&quot;:&quot;0.008&quot;,&quot;title&quot;:&quot;&quot;,&quot;orientation&quot;:&quot;1&quot;}\" data-image-title=\"IMG_1839\" data-image-description=\"\" data-medium-file=\"https:\/\/i0.wp.com\/www.nagervermittlung-stuttgart.de\/wp-content\/uploads\/2016\/02\/IMG_1839.jpg?fit=600%2C450&#038;ssl=1\" data-large-file=\"https:\/\/i0.wp.com\/www.nagervermittlung-stuttgart.de\/wp-content\/uploads\/2016\/02\/IMG_1839.jpg?fit=678%2C509&#038;ssl=1\" src=\"https:\/\/i0.wp.com\/www.nagervermittlung-stuttgart.de\/wp-content\/uploads\/2016\/02\/IMG_1839.jpg?w=448&#038;h=336&#038;ssl=1\" width=\"448\" height=\"336\" data-original-width=\"448\" data-original-height=\"336\" itemprop=\"http:\/\/schema.org\/image\" title=\"IMG_1839\" alt=\"IMG_1839\" style=\"width: 448px; height: 336px;\" \/> <\/a> <\/div> <\/div> <!-- close group --> <div class=\"gallery-group images-2\" style=\"width: 226px; height: 340px;\" data-original-width=\"226\" data-original-height=\"340\" > <div class=\"tiled-gallery-item tiled-gallery-item-small\" itemprop=\"associatedMedia\" itemscope itemtype=\"http:\/\/schema.org\/ImageObject\"> <a href=\"https:\/\/www.nagervermittlung-stuttgart.de\/wp\/schon-lange-im-tierheim-die-hoffnung-stirbt-zuletzt-s37\/img_1837\/\" border=\"0\" itemprop=\"url\"> <meta itemprop=\"width\" content=\"222\"> <meta itemprop=\"height\" content=\"166\"> <img data-attachment-id=\"4608\" data-orig-file=\"https:\/\/www.nagervermittlung-stuttgart.de\/wp-content\/uploads\/2016\/02\/IMG_1837.jpg\" data-orig-size=\"800,600\" data-comments-opened=\"\" data-image-meta=\"{&quot;aperture&quot;:&quot;5.6&quot;,&quot;credit&quot;:&quot;&quot;,&quot;camera&quot;:&quot;Canon EOS 650D&quot;,&quot;caption&quot;:&quot;&quot;,&quot;created_timestamp&quot;:&quot;1455982698&quot;,&quot;copyright&quot;:&quot;&quot;,&quot;focal_length&quot;:&quot;55&quot;,&quot;iso&quot;:&quot;100&quot;,&quot;shutter_speed&quot;:&quot;0.008&quot;,&quot;title&quot;:&quot;&quot;,&quot;orientation&quot;:&quot;1&quot;}\" data-image-title=\"IMG_1837\" data-image-description=\"\" data-medium-file=\"https:\/\/i1.wp.com\/www.nagervermittlung-stuttgart.de\/wp-content\/uploads\/2016\/02\/IMG_1837.jpg?fit=600%2C450&#038;ssl=1\" data-large-file=\"https:\/\/i1.wp.com\/www.nagervermittlung-stuttgart.de\/wp-content\/uploads\/2016\/02\/IMG_1837.jpg?fit=678%2C509&#038;ssl=1\" src=\"https:\/\/i1.wp.com\/www.nagervermittlung-stuttgart.de\/wp-content\/uploads\/2016\/02\/IMG_1837.jpg?w=222&#038;h=166&#038;ssl=1\" width=\"222\" height=\"166\" data-original-width=\"222\" data-original-height=\"166\" itemprop=\"http:\/\/schema.org\/image\" title=\"IMG_1837\" alt=\"IMG_1837\" style=\"width: 222px; height: 166px;\" \/> <\/a> <\/div> <div class=\"tiled-gallery-item tiled-gallery-item-small\" itemprop=\"associatedMedia\" itemscope itemtype=\"http:\/\/schema.org\/ImageObject\"> <a href=\"https:\/\/www.nagervermittlung-stuttgart.de\/wp\/schon-lange-im-tierheim-die-hoffnung-stirbt-zuletzt-s37\/img_1835\/\" border=\"0\" itemprop=\"url\"> <meta itemprop=\"width\" content=\"222\"> <meta itemprop=\"height\" content=\"166\"> <img data-attachment-id=\"4607\" data-orig-file=\"https:\/\/www.nagervermittlung-stuttgart.de\/wp-content\/uploads\/2016\/02\/IMG_1835.jpg\" data-orig-size=\"800,600\" data-comments-opened=\"\" data-image-meta=\"{&quot;aperture&quot;:&quot;5.6&quot;,&quot;credit&quot;:&quot;&quot;,&quot;camera&quot;:&quot;Canon EOS 650D&quot;,&quot;caption&quot;:&quot;&quot;,&quot;created_timestamp&quot;:&quot;1455982667&quot;,&quot;copyright&quot;:&quot;&quot;,&quot;focal_length&quot;:&quot;55&quot;,&quot;iso&quot;:&quot;100&quot;,&quot;shutter_speed&quot;:&quot;0.008&quot;,&quot;title&quot;:&quot;&quot;,&quot;orientation&quot;:&quot;1&quot;}\" data-image-title=\"IMG_1835\" data-image-description=\"\" data-medium-file=\"https:\/\/i1.wp.com\/www.nagervermittlung-stuttgart.de\/wp-content\/uploads\/2016\/02\/IMG_1835.jpg?fit=600%2C450&#038;ssl=1\" data-large-file=\"https:\/\/i1.wp.com\/www.nagervermittlung-stuttgart.de\/wp-content\/uploads\/2016\/02\/IMG_1835.jpg?fit=678%2C509&#038;ssl=1\" src=\"https:\/\/i1.wp.com\/www.nagervermittlung-stuttgart.de\/wp-content\/uploads\/2016\/02\/IMG_1835.jpg?w=222&#038;h=166&#038;ssl=1\" width=\"222\" height=\"166\" data-original-width=\"222\" data-original-height=\"166\" itemprop=\"http:\/\/schema.org\/image\" title=\"IMG_1835\" alt=\"IMG_1835\" style=\"width: 222px; height: 166px;\" \/> <\/a> <\/div> <\/div> <!-- close group --> <\/div> <!-- close row --> <div class=\"gallery-row\" style=\"width: 678px; height: 510px;\" data-original-width=\"678\" data-original-height=\"510\" > <div class=\"gallery-group images-1\" style=\"width: 678px; height: 510px;\" data-original-width=\"678\" data-original-height=\"510\" > <div class=\"tiled-gallery-item tiled-gallery-item-large\" itemprop=\"associatedMedia\" itemscope itemtype=\"http:\/\/schema.org\/ImageObject\"> <a href=\"https:\/\/www.nagervermittlung-stuttgart.de\/wp\/schon-lange-im-tierheim-die-hoffnung-stirbt-zuletzt-s37\/img_1834\/\" border=\"0\" itemprop=\"url\"> <meta itemprop=\"width\" content=\"674\"> <meta itemprop=\"height\" content=\"506\"> <img data-attachment-id=\"4606\" data-orig-file=\"https:\/\/www.nagervermittlung-stuttgart.de\/wp-content\/uploads\/2016\/02\/IMG_1834.jpg\" data-orig-size=\"800,600\" data-comments-opened=\"\" data-image-meta=\"{&quot;aperture&quot;:&quot;5.6&quot;,&quot;credit&quot;:&quot;&quot;,&quot;camera&quot;:&quot;Canon EOS 650D&quot;,&quot;caption&quot;:&quot;&quot;,&quot;created_timestamp&quot;:&quot;1455982656&quot;,&quot;copyright&quot;:&quot;&quot;,&quot;focal_length&quot;:&quot;51&quot;,&quot;iso&quot;:&quot;100&quot;,&quot;shutter_speed&quot;:&quot;0.008&quot;,&quot;title&quot;:&quot;&quot;,&quot;orientation&quot;:&quot;1&quot;}\" data-image-title=\"IMG_1834\" data-image-description=\"\" data-medium-file=\"https:\/\/i2.wp.com\/www.nagervermittlung-stuttgart.de\/wp-content\/uploads\/2016\/02\/IMG_1834.jpg?fit=600%2C450&#038;ssl=1\" data-large-file=\"https:\/\/i2.wp.com\/www.nagervermittlung-stuttgart.de\/wp-content\/uploads\/2016\/02\/IMG_1834.jpg?fit=678%2C509&#038;ssl=1\" src=\"https:\/\/i2.wp.com\/www.nagervermittlung-stuttgart.de\/wp-content\/uploads\/2016\/02\/IMG_1834.jpg?w=674&#038;h=506&#038;ssl=1\" width=\"674\" height=\"506\" data-original-width=\"674\" data-original-height=\"506\" itemprop=\"http:\/\/schema.org\/image\" title=\"IMG_1834\" alt=\"IMG_1834\" style=\"width: 674px; height: 506px;\" \/> <\/a> <\/div> <\/div> <!-- close group --> <\/div> <!-- close row --> <\/div>\n","protected":false},"excerpt":{"rendered":"<p>Die beiden M\u00e4dels sind die Langzeitinsassen des TH Stuttgart, sie brauchen ein ruhiges verst\u00e4ndnisvolles Heim, sind aber durchaus neugierig und k\u00f6nnen bestimmt tolle Haustiere werden.<\/p>\n","protected":false},"author":4,"featured_media":0,"comment_status":"closed","ping_status":"open","sticky":false,"template":"","format":"standard","meta":{"spay_email":"","jetpack_publicize_message":"","jetpack_is_tweetstorm":false},"categories":[87],"tags":[],"jetpack_featured_media_url":"","jetpack_publicize_connections":[],"jetpack_sharing_enabled":true,"_links":{"self":[{"href":"https:\/\/www.nagervermittlung-stuttgart.de\/wp\/wp-json\/wp\/v2\/posts\/4622"}],"collection":[{"href":"https:\/\/www.nagervermittlung-stuttgart.de\/wp\/wp-json\/wp\/v2\/posts"}],"about":[{"href":"https:\/\/www.nagervermittlung-stuttgart.de\/wp\/wp-json\/wp\/v2\/types\/post"}],"author":[{"embeddable":true,"href":"https:\/\/www.nagervermittlung-stuttgart.de\/wp\/wp-json\/wp\/v2\/users\/4"}],"replies":[{"embeddable":true,"href":"https:\/\/www.nagervermittlung-stuttgart.de\/wp\/wp-json\/wp\/v2\/comments?post=4622"}],"version-history":[{"count":1,"href":"https:\/\/www.nagervermittlung-stuttgart.de\/wp\/wp-json\/wp\/v2\/posts\/4622\/revisions"}],"predecessor-version":[{"id":4623,"href":"https:\/\/www.nagervermittlung-stuttgart.de\/wp\/wp-json\/wp\/v2\/posts\/4622\/revisions\/4623"}],"wp:attachment":[{"href":"https:\/\/www.nagervermittlung-stuttgart.de\/wp\/wp-json\/wp\/v2\/media?parent=4622"}],"wp:term":[{"taxonomy":"category","embeddable":true,"href":"https:\/\/www.nagervermittlung-stuttgart.de\/wp\/wp-json\/wp\/v2\/categories?post=4622"},{"taxonomy":"post_tag","embeddable":true,"href":"https:\/\/www.nagervermittlung-stuttgart.de\/wp\/wp-json\/wp\/v2\/tags?post=4622"}],"curies":[{"name":"wp","href":"https:\/\/api.w.org\/{rel}","templated":true}]}}