{"id":3569,"date":"2015-11-14T20:59:50","date_gmt":"2015-11-14T20:59:50","guid":{"rendered":"http:\/\/nagervermittlung-stuttgart.de\/wp\/?p=3569"},"modified":"2015-11-17T19:23:14","modified_gmt":"2015-11-17T19:23:14","slug":"farbratte-rattenweibchen-vor-dem-aussetzen-gerettet-p111","status":"publish","type":"post","link":"https:\/\/www.nagervermittlung-stuttgart.de\/wp\/farbratte-rattenweibchen-vor-dem-aussetzen-gerettet-p111\/","title":{"rendered":"Farbratte: Rattenweibchen vor dem Aussetzen gerettet (RT111)"},"content":{"rendered":"<p><a href=\"https:\/\/i1.wp.com\/nagervermittlung-stuttgart.de\/wp\/wp-content\/uploads\/2015\/11\/received_916371935110464.jpeg\"><img data-attachment-id=\"3567\" data-permalink=\"https:\/\/www.nagervermittlung-stuttgart.de\/wp\/received_916371935110464\/\" data-orig-file=\"https:\/\/i0.wp.com\/www.nagervermittlung-stuttgart.de\/wp-content\/uploads\/2015\/11\/received_916371935110464.jpeg?fit=960%2C540&amp;ssl=1\" data-orig-size=\"960,540\" data-comments-opened=\"0\" data-image-meta=\"{&quot;aperture&quot;:&quot;0&quot;,&quot;credit&quot;:&quot;&quot;,&quot;camera&quot;:&quot;&quot;,&quot;caption&quot;:&quot;&quot;,&quot;created_timestamp&quot;:&quot;0&quot;,&quot;copyright&quot;:&quot;&quot;,&quot;focal_length&quot;:&quot;0&quot;,&quot;iso&quot;:&quot;0&quot;,&quot;shutter_speed&quot;:&quot;0&quot;,&quot;title&quot;:&quot;&quot;,&quot;orientation&quot;:&quot;0&quot;}\" data-image-title=\"received_916371935110464\" data-image-description=\"\" data-medium-file=\"https:\/\/i0.wp.com\/www.nagervermittlung-stuttgart.de\/wp-content\/uploads\/2015\/11\/received_916371935110464.jpeg?fit=600%2C338&amp;ssl=1\" data-large-file=\"https:\/\/i0.wp.com\/www.nagervermittlung-stuttgart.de\/wp-content\/uploads\/2015\/11\/received_916371935110464.jpeg?fit=678%2C381&amp;ssl=1\" loading=\"lazy\" class=\"aligncenter wp-image-3567 size-medium\" src=\"https:\/\/i0.wp.com\/nagervermittlung-stuttgart.de\/wp\/wp-content\/uploads\/2015\/11\/received_916371935110464-600x338.jpeg?resize=600%2C338\" alt=\"p111\" width=\"600\" height=\"338\" srcset=\"https:\/\/i0.wp.com\/www.nagervermittlung-stuttgart.de\/wp-content\/uploads\/2015\/11\/received_916371935110464.jpeg?resize=600%2C338&amp;ssl=1 600w, https:\/\/i0.wp.com\/www.nagervermittlung-stuttgart.de\/wp-content\/uploads\/2015\/11\/received_916371935110464.jpeg?w=960&amp;ssl=1 960w\" sizes=\"(max-width: 600px) 100vw, 600px\" data-recalc-dims=\"1\" \/><\/a>Von einer fernen Bekannten habe ich heute Abend einen Hilferuf erhalten. Seit einigen Wochen droht ein Bekannter von ihr damit, seine Ratte auszusetzen, wenn sie niemand nimmt. Heute sollte es dann so weit sein und um sie vor der kalten Stra\u00dfe zu retten, nahm sie sie auf. Sie selbst hat nur Rattenjungs und einen kleinen Notk\u00e4fig, weshalb die Kleine am Montag ins Tierheim einziehen wird.<\/p>\n<p>Sie ist eine ca. 9 Monate alte Huskydame, die noch nicht erfahren durfte, dass Menschen ganz tolle Weggef\u00e4hrten sein k\u00f6nnen und auch nicht, was es hei\u00dft, mit Artgenossen zu kuscheln. Sie ist eher sch\u00fcchtern, bei\u00dft aber nicht!<\/p>\n<p><a href=\"https:\/\/i2.wp.com\/nagervermittlung-stuttgart.de\/wp\/wp-content\/uploads\/2015\/11\/received_916372375110420.jpeg\"><img data-attachment-id=\"3564\" data-permalink=\"https:\/\/www.nagervermittlung-stuttgart.de\/wp\/received_916372375110420\/\" data-orig-file=\"https:\/\/i0.wp.com\/www.nagervermittlung-stuttgart.de\/wp-content\/uploads\/2015\/11\/received_916372375110420-e1447587260946.jpeg?fit=737%2C1075&amp;ssl=1\" data-orig-size=\"737,1075\" data-comments-opened=\"0\" data-image-meta=\"{&quot;aperture&quot;:&quot;0&quot;,&quot;credit&quot;:&quot;&quot;,&quot;camera&quot;:&quot;&quot;,&quot;caption&quot;:&quot;&quot;,&quot;created_timestamp&quot;:&quot;0&quot;,&quot;copyright&quot;:&quot;&quot;,&quot;focal_length&quot;:&quot;0&quot;,&quot;iso&quot;:&quot;0&quot;,&quot;shutter_speed&quot;:&quot;0&quot;,&quot;title&quot;:&quot;&quot;,&quot;orientation&quot;:&quot;0&quot;}\" data-image-title=\"received_916372375110420\" data-image-description=\"\" data-medium-file=\"https:\/\/i0.wp.com\/www.nagervermittlung-stuttgart.de\/wp-content\/uploads\/2015\/11\/received_916372375110420-e1447587260946.jpeg?fit=411%2C600&amp;ssl=1\" data-large-file=\"https:\/\/i0.wp.com\/www.nagervermittlung-stuttgart.de\/wp-content\/uploads\/2015\/11\/received_916372375110420-e1447587260946.jpeg?fit=678%2C989&amp;ssl=1\" loading=\"lazy\" class=\"aligncenter wp-image-3564 size-medium\" src=\"https:\/\/i2.wp.com\/nagervermittlung-stuttgart.de\/wp\/wp-content\/uploads\/2015\/11\/received_916372375110420-e1447587260946-411x600.jpeg?resize=411%2C600\" alt=\"p111\" width=\"411\" height=\"600\" srcset=\"https:\/\/i0.wp.com\/www.nagervermittlung-stuttgart.de\/wp-content\/uploads\/2015\/11\/received_916372375110420-e1447587260946.jpeg?resize=411%2C600&amp;ssl=1 411w, https:\/\/i0.wp.com\/www.nagervermittlung-stuttgart.de\/wp-content\/uploads\/2015\/11\/received_916372375110420-e1447587260946.jpeg?resize=702%2C1024&amp;ssl=1 702w, https:\/\/i0.wp.com\/www.nagervermittlung-stuttgart.de\/wp-content\/uploads\/2015\/11\/received_916372375110420-e1447587260946.jpeg?w=737&amp;ssl=1 737w\" sizes=\"(max-width: 411px) 100vw, 411px\" data-recalc-dims=\"1\" \/><\/a><\/p>\n","protected":false},"excerpt":{"rendered":"<p>Von einer fernen Bekannten habe ich heute Abend einen Hilferuf erhalten. Seit einigen Wochen droht ein Bekannter von ihr damit, seine Ratte auszusetzen, wenn sie niemand nimmt. Heute sollte es <a class=\"more-link\" href=\"https:\/\/www.nagervermittlung-stuttgart.de\/wp\/farbratte-rattenweibchen-vor-dem-aussetzen-gerettet-p111\/\">Mehr \u2192<\/a><\/p>\n","protected":false},"author":4,"featured_media":0,"comment_status":"closed","ping_status":"open","sticky":false,"template":"","format":"standard","meta":{"spay_email":"","jetpack_publicize_message":"","jetpack_is_tweetstorm":false},"categories":[279],"tags":[],"jetpack_featured_media_url":"","jetpack_publicize_connections":[],"jetpack_sharing_enabled":true,"_links":{"self":[{"href":"https:\/\/www.nagervermittlung-stuttgart.de\/wp\/wp-json\/wp\/v2\/posts\/3569"}],"collection":[{"href":"https:\/\/www.nagervermittlung-stuttgart.de\/wp\/wp-json\/wp\/v2\/posts"}],"about":[{"href":"https:\/\/www.nagervermittlung-stuttgart.de\/wp\/wp-json\/wp\/v2\/types\/post"}],"author":[{"embeddable":true,"href":"https:\/\/www.nagervermittlung-stuttgart.de\/wp\/wp-json\/wp\/v2\/users\/4"}],"replies":[{"embeddable":true,"href":"https:\/\/www.nagervermittlung-stuttgart.de\/wp\/wp-json\/wp\/v2\/comments?post=3569"}],"version-history":[{"count":7,"href":"https:\/\/www.nagervermittlung-stuttgart.de\/wp\/wp-json\/wp\/v2\/posts\/3569\/revisions"}],"predecessor-version":[{"id":3627,"href":"https:\/\/www.nagervermittlung-stuttgart.de\/wp\/wp-json\/wp\/v2\/posts\/3569\/revisions\/3627"}],"wp:attachment":[{"href":"https:\/\/www.nagervermittlung-stuttgart.de\/wp\/wp-json\/wp\/v2\/media?parent=3569"}],"wp:term":[{"taxonomy":"category","embeddable":true,"href":"https:\/\/www.nagervermittlung-stuttgart.de\/wp\/wp-json\/wp\/v2\/categories?post=3569"},{"taxonomy":"post_tag","embeddable":true,"href":"https:\/\/www.nagervermittlung-stuttgart.de\/wp\/wp-json\/wp\/v2\/tags?post=3569"}],"curies":[{"name":"wp","href":"https:\/\/api.w.org\/{rel}","templated":true}]}}