{"id":2380,"date":"2015-08-22T20:53:17","date_gmt":"2015-08-22T20:53:17","guid":{"rendered":"http:\/\/nagervermittlung-stuttgart.de\/wp\/?p=2380"},"modified":"2015-08-22T20:53:17","modified_gmt":"2015-08-22T20:53:17","slug":"verwahrloste-omaratte-die-sich-gemausert-hat","status":"publish","type":"post","link":"https:\/\/www.nagervermittlung-stuttgart.de\/wp\/verwahrloste-omaratte-die-sich-gemausert-hat\/","title":{"rendered":"Verwahrloste Omaratte die sich gemausert hat&#8230;"},"content":{"rendered":"<p>Klara, so wurde die kleine Ratz getauft die v\u00f6llig verwahrlost, mit Milben und kahlen Stellen im Fell in&#8217;s TH kam. Durch ihren schlechten Zustand und die Unlust an Bewegung durch ihre Schw\u00e4che konnten wir das Alter schwer sch\u00e4tzen, ich h\u00e4tte wetten k\u00f6nnen sie ist mindestens 2,5 Jahre alt.<\/p>\n<p>Als ich heute, drei Wochen sp\u00e4ter, ins TH kam sah ich eine freudige Rattendame die schnell an&#8217;s Gitter wuselte und sich anschaute was es wohl neues gibt. Das Fell sieht so sch\u00f6n aus, keine kahlen Stellen mehr, die Milben sind Geschichte. Leider hat Klara einen Schiefkopf entwickelt, bisher hat sie aber keine motorischen Einschr\u00e4nkungen und wenn die Medikamente anschlagen hoffe ich dass sie alles gut \u00fcbersteht. Sie ist wirklich eine s\u00fc\u00dfe kleine Maus. F\u00fcr euch ein paar vorher-nachher Bilder.<\/p>\n<p>Am Tag nach ihrer Ankunft 30. Juli:<\/p>\n<div class=\"tiled-gallery type-rectangular tiled-gallery-unresized\" data-original-width=\"678\" data-carousel-extra='{&quot;blog_id&quot;:1,&quot;permalink&quot;:&quot;https:\\\/\\\/www.nagervermittlung-stuttgart.de\\\/wp\\\/verwahrloste-omaratte-die-sich-gemausert-hat\\\/&quot;,&quot;likes_blog_id&quot;:165017540}' itemscope itemtype=\"http:\/\/schema.org\/ImageGallery\" > <div class=\"gallery-row\" style=\"width: 678px; height: 510px;\" data-original-width=\"678\" data-original-height=\"510\" > <div class=\"gallery-group images-1\" style=\"width: 678px; height: 510px;\" data-original-width=\"678\" data-original-height=\"510\" > <div class=\"tiled-gallery-item tiled-gallery-item-large\" itemprop=\"associatedMedia\" itemscope itemtype=\"http:\/\/schema.org\/ImageObject\"> <a href=\"https:\/\/www.nagervermittlung-stuttgart.de\/wp\/verwahrloste-omaratte-die-sich-gemausert-hat\/d1d4burvt5wk\/\" border=\"0\" itemprop=\"url\"> <meta itemprop=\"width\" content=\"674\"> <meta itemprop=\"height\" content=\"506\"> <img data-attachment-id=\"2381\" data-orig-file=\"https:\/\/www.nagervermittlung-stuttgart.de\/wp-content\/uploads\/2015\/08\/d1d4burvt5wk.jpg\" data-orig-size=\"960,720\" data-comments-opened=\"\" data-image-meta=\"{&quot;aperture&quot;:&quot;0&quot;,&quot;credit&quot;:&quot;&quot;,&quot;camera&quot;:&quot;&quot;,&quot;caption&quot;:&quot;&quot;,&quot;created_timestamp&quot;:&quot;0&quot;,&quot;copyright&quot;:&quot;&quot;,&quot;focal_length&quot;:&quot;0&quot;,&quot;iso&quot;:&quot;0&quot;,&quot;shutter_speed&quot;:&quot;0&quot;,&quot;title&quot;:&quot;&quot;,&quot;orientation&quot;:&quot;0&quot;}\" data-image-title=\"d1d4burvt5wk\" data-image-description=\"\" data-medium-file=\"https:\/\/i1.wp.com\/www.nagervermittlung-stuttgart.de\/wp-content\/uploads\/2015\/08\/d1d4burvt5wk.jpg?fit=600%2C450&#038;ssl=1\" data-large-file=\"https:\/\/i1.wp.com\/www.nagervermittlung-stuttgart.de\/wp-content\/uploads\/2015\/08\/d1d4burvt5wk.jpg?fit=678%2C509&#038;ssl=1\" src=\"https:\/\/i1.wp.com\/www.nagervermittlung-stuttgart.de\/wp-content\/uploads\/2015\/08\/d1d4burvt5wk.jpg?w=674&#038;h=506&#038;ssl=1\" width=\"674\" height=\"506\" data-original-width=\"674\" data-original-height=\"506\" itemprop=\"http:\/\/schema.org\/image\" title=\"d1d4burvt5wk\" alt=\"d1d4burvt5wk\" style=\"width: 674px; height: 506px;\" \/> <\/a> <\/div> <\/div> <!-- close group --> <\/div> <!-- close row --> <\/div>\n<p>Heute, 21.8.15:<\/p>\n<div class=\"tiled-gallery type-rectangular tiled-gallery-unresized\" data-original-width=\"678\" data-carousel-extra='{&quot;blog_id&quot;:1,&quot;permalink&quot;:&quot;https:\\\/\\\/www.nagervermittlung-stuttgart.de\\\/wp\\\/verwahrloste-omaratte-die-sich-gemausert-hat\\\/&quot;,&quot;likes_blog_id&quot;:165017540}' itemscope itemtype=\"http:\/\/schema.org\/ImageGallery\" > <div class=\"gallery-row\" style=\"width: 678px; height: 340px;\" data-original-width=\"678\" data-original-height=\"340\" > <div class=\"gallery-group images-1\" style=\"width: 452px; height: 340px;\" data-original-width=\"452\" data-original-height=\"340\" > <div class=\"tiled-gallery-item tiled-gallery-item-large\" itemprop=\"associatedMedia\" itemscope itemtype=\"http:\/\/schema.org\/ImageObject\"> <a href=\"https:\/\/www.nagervermittlung-stuttgart.de\/wp\/verwahrloste-omaratte-die-sich-gemausert-hat\/img_0342\/\" border=\"0\" itemprop=\"url\"> <meta itemprop=\"width\" content=\"448\"> <meta itemprop=\"height\" content=\"336\"> <img data-attachment-id=\"2382\" data-orig-file=\"https:\/\/www.nagervermittlung-stuttgart.de\/wp-content\/uploads\/2015\/08\/IMG_0342.jpg\" data-orig-size=\"800,600\" data-comments-opened=\"\" data-image-meta=\"{&quot;aperture&quot;:&quot;5&quot;,&quot;credit&quot;:&quot;&quot;,&quot;camera&quot;:&quot;Canon EOS 650D&quot;,&quot;caption&quot;:&quot;&quot;,&quot;created_timestamp&quot;:&quot;1440239710&quot;,&quot;copyright&quot;:&quot;&quot;,&quot;focal_length&quot;:&quot;39&quot;,&quot;iso&quot;:&quot;200&quot;,&quot;shutter_speed&quot;:&quot;0.005&quot;,&quot;title&quot;:&quot;&quot;,&quot;orientation&quot;:&quot;1&quot;}\" data-image-title=\"IMG_0342\" data-image-description=\"\" data-medium-file=\"https:\/\/i0.wp.com\/www.nagervermittlung-stuttgart.de\/wp-content\/uploads\/2015\/08\/IMG_0342.jpg?fit=600%2C450&#038;ssl=1\" data-large-file=\"https:\/\/i0.wp.com\/www.nagervermittlung-stuttgart.de\/wp-content\/uploads\/2015\/08\/IMG_0342.jpg?fit=678%2C509&#038;ssl=1\" src=\"https:\/\/i0.wp.com\/www.nagervermittlung-stuttgart.de\/wp-content\/uploads\/2015\/08\/IMG_0342.jpg?w=448&#038;h=336&#038;ssl=1\" width=\"448\" height=\"336\" data-original-width=\"448\" data-original-height=\"336\" itemprop=\"http:\/\/schema.org\/image\" title=\"IMG_0342\" alt=\"IMG_0342\" style=\"width: 448px; height: 336px;\" \/> <\/a> <\/div> <\/div> <!-- close group --> <div class=\"gallery-group images-2\" style=\"width: 226px; height: 340px;\" data-original-width=\"226\" data-original-height=\"340\" > <div class=\"tiled-gallery-item tiled-gallery-item-small\" itemprop=\"associatedMedia\" itemscope itemtype=\"http:\/\/schema.org\/ImageObject\"> <a href=\"https:\/\/www.nagervermittlung-stuttgart.de\/wp\/mama-und-jungtier-suchen-immernoch\/img_0347\/\" border=\"0\" itemprop=\"url\"> <meta itemprop=\"width\" content=\"222\"> <meta itemprop=\"height\" content=\"166\"> <img data-attachment-id=\"2272\" data-orig-file=\"https:\/\/www.nagervermittlung-stuttgart.de\/wp-content\/uploads\/2015\/08\/IMG_0347.jpg\" data-orig-size=\"800,600\" data-comments-opened=\"\" data-image-meta=\"{&quot;aperture&quot;:&quot;3.5&quot;,&quot;credit&quot;:&quot;&quot;,&quot;camera&quot;:&quot;Canon EOS 650D&quot;,&quot;caption&quot;:&quot;&quot;,&quot;created_timestamp&quot;:&quot;1440239740&quot;,&quot;copyright&quot;:&quot;&quot;,&quot;focal_length&quot;:&quot;23&quot;,&quot;iso&quot;:&quot;200&quot;,&quot;shutter_speed&quot;:&quot;0.005&quot;,&quot;title&quot;:&quot;&quot;,&quot;orientation&quot;:&quot;1&quot;}\" data-image-title=\"IMG_0347\" data-image-description=\"\" data-medium-file=\"https:\/\/i1.wp.com\/www.nagervermittlung-stuttgart.de\/wp-content\/uploads\/2015\/08\/IMG_0347.jpg?fit=600%2C450&#038;ssl=1\" data-large-file=\"https:\/\/i1.wp.com\/www.nagervermittlung-stuttgart.de\/wp-content\/uploads\/2015\/08\/IMG_0347.jpg?fit=678%2C509&#038;ssl=1\" src=\"https:\/\/i1.wp.com\/www.nagervermittlung-stuttgart.de\/wp-content\/uploads\/2015\/08\/IMG_0347.jpg?w=222&#038;h=166&#038;ssl=1\" width=\"222\" height=\"166\" data-original-width=\"222\" data-original-height=\"166\" itemprop=\"http:\/\/schema.org\/image\" title=\"IMG_0347\" alt=\"IMG_0347\" style=\"width: 222px; height: 166px;\" \/> <\/a> <\/div> <div class=\"tiled-gallery-item tiled-gallery-item-small\" itemprop=\"associatedMedia\" itemscope itemtype=\"http:\/\/schema.org\/ImageObject\"> <a href=\"https:\/\/www.nagervermittlung-stuttgart.de\/wp\/mama-und-jungtier-suchen-immernoch\/img_0345\/\" border=\"0\" itemprop=\"url\"> <meta itemprop=\"width\" content=\"222\"> <meta itemprop=\"height\" content=\"166\"> <img data-attachment-id=\"2271\" data-orig-file=\"https:\/\/www.nagervermittlung-stuttgart.de\/wp-content\/uploads\/2015\/08\/IMG_0345.jpg\" data-orig-size=\"800,600\" data-comments-opened=\"\" data-image-meta=\"{&quot;aperture&quot;:&quot;5&quot;,&quot;credit&quot;:&quot;&quot;,&quot;camera&quot;:&quot;Canon EOS 650D&quot;,&quot;caption&quot;:&quot;&quot;,&quot;created_timestamp&quot;:&quot;1440239716&quot;,&quot;copyright&quot;:&quot;&quot;,&quot;focal_length&quot;:&quot;39&quot;,&quot;iso&quot;:&quot;200&quot;,&quot;shutter_speed&quot;:&quot;0.005&quot;,&quot;title&quot;:&quot;&quot;,&quot;orientation&quot;:&quot;1&quot;}\" data-image-title=\"IMG_0345\" data-image-description=\"\" data-medium-file=\"https:\/\/i0.wp.com\/www.nagervermittlung-stuttgart.de\/wp-content\/uploads\/2015\/08\/IMG_0345.jpg?fit=600%2C450&#038;ssl=1\" data-large-file=\"https:\/\/i0.wp.com\/www.nagervermittlung-stuttgart.de\/wp-content\/uploads\/2015\/08\/IMG_0345.jpg?fit=678%2C509&#038;ssl=1\" src=\"https:\/\/i0.wp.com\/www.nagervermittlung-stuttgart.de\/wp-content\/uploads\/2015\/08\/IMG_0345.jpg?w=222&#038;h=166&#038;ssl=1\" width=\"222\" height=\"166\" data-original-width=\"222\" data-original-height=\"166\" itemprop=\"http:\/\/schema.org\/image\" title=\"IMG_0345\" alt=\"IMG_0345\" style=\"width: 222px; height: 166px;\" \/> <\/a> <\/div> <\/div> <!-- close group --> <\/div> <!-- close row --> <\/div>\n<p>&nbsp;<\/p>\n","protected":false},"excerpt":{"rendered":"<p>Klara, so wurde die kleine Ratz getauft die v\u00f6llig verwahrlost, mit Milben und kahlen Stellen im Fell in&#8217;s TH kam. Durch ihren schlechten Zustand und die Unlust an Bewegung durch <a class=\"more-link\" href=\"https:\/\/www.nagervermittlung-stuttgart.de\/wp\/verwahrloste-omaratte-die-sich-gemausert-hat\/\">Mehr \u2192<\/a><\/p>\n","protected":false},"author":4,"featured_media":0,"comment_status":"closed","ping_status":"open","sticky":false,"template":"","format":"standard","meta":{"spay_email":"","jetpack_publicize_message":"","jetpack_is_tweetstorm":false},"categories":[162],"tags":[],"jetpack_featured_media_url":"","jetpack_publicize_connections":[],"jetpack_sharing_enabled":true,"_links":{"self":[{"href":"https:\/\/www.nagervermittlung-stuttgart.de\/wp\/wp-json\/wp\/v2\/posts\/2380"}],"collection":[{"href":"https:\/\/www.nagervermittlung-stuttgart.de\/wp\/wp-json\/wp\/v2\/posts"}],"about":[{"href":"https:\/\/www.nagervermittlung-stuttgart.de\/wp\/wp-json\/wp\/v2\/types\/post"}],"author":[{"embeddable":true,"href":"https:\/\/www.nagervermittlung-stuttgart.de\/wp\/wp-json\/wp\/v2\/users\/4"}],"replies":[{"embeddable":true,"href":"https:\/\/www.nagervermittlung-stuttgart.de\/wp\/wp-json\/wp\/v2\/comments?post=2380"}],"version-history":[{"count":1,"href":"https:\/\/www.nagervermittlung-stuttgart.de\/wp\/wp-json\/wp\/v2\/posts\/2380\/revisions"}],"predecessor-version":[{"id":2383,"href":"https:\/\/www.nagervermittlung-stuttgart.de\/wp\/wp-json\/wp\/v2\/posts\/2380\/revisions\/2383"}],"wp:attachment":[{"href":"https:\/\/www.nagervermittlung-stuttgart.de\/wp\/wp-json\/wp\/v2\/media?parent=2380"}],"wp:term":[{"taxonomy":"category","embeddable":true,"href":"https:\/\/www.nagervermittlung-stuttgart.de\/wp\/wp-json\/wp\/v2\/categories?post=2380"},{"taxonomy":"post_tag","embeddable":true,"href":"https:\/\/www.nagervermittlung-stuttgart.de\/wp\/wp-json\/wp\/v2\/tags?post=2380"}],"curies":[{"name":"wp","href":"https:\/\/api.w.org\/{rel}","templated":true}]}}