{"id":21939,"date":"2023-07-09T15:18:14","date_gmt":"2023-07-09T15:18:14","guid":{"rendered":"https:\/\/www.nagervermittlung-stuttgart.de\/wp\/?p=21939"},"modified":"2023-07-09T15:18:14","modified_gmt":"2023-07-09T15:18:14","slug":"die-drei-ratten-helga-joy-und-franzi-suchen-ein-neues-zuhause-kthbb950","status":"publish","type":"post","link":"https:\/\/www.nagervermittlung-stuttgart.de\/wp\/die-drei-ratten-helga-joy-und-franzi-suchen-ein-neues-zuhause-kthbb950\/","title":{"rendered":"Die drei Ratten Helga, Joy und Franzi suchen ein neues Zuhause (KTHBB950)"},"content":{"rendered":"<p>Die drei Rattenweibchen Helga, Joy und Franzi sind im Kreistierheim B\u00f6blingen abgegeben worden.<br \/>\nSie sind etwa 1,5 Jahre alt und sehr lieb, lediglich Franzi etwas \u00e4ngstlich.<br \/>\nWer hat Platz f\u00fcr die drei?<br \/>\n<div class=\"tiled-gallery type-square tiled-gallery-unresized\" data-original-width=\"678\" data-carousel-extra='{&quot;blog_id&quot;:1,&quot;permalink&quot;:&quot;https:\\\/\\\/www.nagervermittlung-stuttgart.de\\\/wp\\\/die-drei-ratten-helga-joy-und-franzi-suchen-ein-neues-zuhause-kthbb950\\\/&quot;,&quot;likes_blog_id&quot;:165017540}' itemscope itemtype=\"http:\/\/schema.org\/ImageGallery\" > <div class=\"gallery-row\" style=\"width: 678px; height: 678px;\" data-original-width=\"678\" data-original-height=\"678\" > <div class=\"gallery-group\" style=\"width: 678px; height: 678px;\" data-original-width=\"678\" data-original-height=\"678\" > <div class=\"tiled-gallery-item \" itemprop=\"associatedMedia\" itemscope itemtype=\"http:\/\/schema.org\/ImageObject\"> <a href=\"https:\/\/www.nagervermittlung-stuttgart.de\/wp\/die-drei-ratten-helga-joy-und-franzi-suchen-ein-neues-zuhause-kthbb950\/franzi3\/\" border=\"0\" itemprop=\"url\"> <meta itemprop=\"width\" content=\"674\"> <meta itemprop=\"height\" content=\"674\"> <img data-attachment-id=\"21946\" data-orig-file=\"https:\/\/www.nagervermittlung-stuttgart.de\/wp-content\/uploads\/2023\/07\/Franzi3.jpg\" data-orig-size=\"761,1600\" data-comments-opened=\"\" data-image-meta=\"{&quot;aperture&quot;:&quot;0&quot;,&quot;credit&quot;:&quot;&quot;,&quot;camera&quot;:&quot;&quot;,&quot;caption&quot;:&quot;&quot;,&quot;created_timestamp&quot;:&quot;0&quot;,&quot;copyright&quot;:&quot;&quot;,&quot;focal_length&quot;:&quot;0&quot;,&quot;iso&quot;:&quot;0&quot;,&quot;shutter_speed&quot;:&quot;0&quot;,&quot;title&quot;:&quot;&quot;,&quot;orientation&quot;:&quot;0&quot;}\" data-image-title=\"Franzi3\" data-image-description=\"&lt;p&gt;Entschuldigung aber du hast nicht die Rechte um dieses Post zu sehen!&lt;\/p&gt; \" data-medium-file=\"https:\/\/i0.wp.com\/www.nagervermittlung-stuttgart.de\/wp-content\/uploads\/2023\/07\/Franzi3.jpg?fit=285%2C600&#038;ssl=1\" data-large-file=\"https:\/\/i0.wp.com\/www.nagervermittlung-stuttgart.de\/wp-content\/uploads\/2023\/07\/Franzi3.jpg?fit=487%2C1024&#038;ssl=1\" src=\"https:\/\/i0.wp.com\/www.nagervermittlung-stuttgart.de\/wp-content\/uploads\/2023\/07\/Franzi3.jpg?w=674&#038;h=674&#038;crop=1&#038;ssl=1\" width=\"674\" height=\"674\" data-original-width=\"674\" data-original-height=\"674\" itemprop=\"http:\/\/schema.org\/image\" title=\"Franzi3\" alt=\"Franzi3\" style=\"width: 674px; height: 674px;\" \/> <\/a> <\/div> <\/div> <\/div> <div class=\"gallery-row\" style=\"width: 678px; height: 226px;\" data-original-width=\"678\" data-original-height=\"226\" > <div class=\"gallery-group\" style=\"width: 226px; height: 226px;\" data-original-width=\"226\" data-original-height=\"226\" > <div class=\"tiled-gallery-item \" itemprop=\"associatedMedia\" itemscope itemtype=\"http:\/\/schema.org\/ImageObject\"> <a href=\"https:\/\/www.nagervermittlung-stuttgart.de\/wp\/die-drei-ratten-helga-joy-und-franzi-suchen-ein-neues-zuhause-kthbb950\/helga-und-joy-2\/\" border=\"0\" itemprop=\"url\"> <meta itemprop=\"width\" content=\"222\"> <meta itemprop=\"height\" content=\"222\"> <img data-attachment-id=\"21944\" data-orig-file=\"https:\/\/www.nagervermittlung-stuttgart.de\/wp-content\/uploads\/2023\/07\/Helga-und-Joy-2.jpg\" data-orig-size=\"918,738\" data-comments-opened=\"\" data-image-meta=\"{&quot;aperture&quot;:&quot;0&quot;,&quot;credit&quot;:&quot;&quot;,&quot;camera&quot;:&quot;&quot;,&quot;caption&quot;:&quot;&quot;,&quot;created_timestamp&quot;:&quot;1688921628&quot;,&quot;copyright&quot;:&quot;&quot;,&quot;focal_length&quot;:&quot;0&quot;,&quot;iso&quot;:&quot;0&quot;,&quot;shutter_speed&quot;:&quot;0&quot;,&quot;title&quot;:&quot;&quot;,&quot;orientation&quot;:&quot;1&quot;}\" data-image-title=\"Helga und Joy 2\" data-image-description=\"&lt;p&gt;Entschuldigung aber du hast nicht die Rechte um dieses Post zu sehen!&lt;\/p&gt; \" data-medium-file=\"https:\/\/i0.wp.com\/www.nagervermittlung-stuttgart.de\/wp-content\/uploads\/2023\/07\/Helga-und-Joy-2.jpg?fit=600%2C482&#038;ssl=1\" data-large-file=\"https:\/\/i0.wp.com\/www.nagervermittlung-stuttgart.de\/wp-content\/uploads\/2023\/07\/Helga-und-Joy-2.jpg?fit=678%2C545&#038;ssl=1\" src=\"https:\/\/i0.wp.com\/www.nagervermittlung-stuttgart.de\/wp-content\/uploads\/2023\/07\/Helga-und-Joy-2.jpg?w=222&#038;h=222&#038;crop=1&#038;ssl=1\" width=\"222\" height=\"222\" data-original-width=\"222\" data-original-height=\"222\" itemprop=\"http:\/\/schema.org\/image\" title=\"Helga und Joy 2\" alt=\"Helga und Joy 2\" style=\"width: 222px; height: 222px;\" \/> <\/a> <\/div> <\/div> <div class=\"gallery-group\" style=\"width: 226px; height: 226px;\" data-original-width=\"226\" data-original-height=\"226\" > <div class=\"tiled-gallery-item \" itemprop=\"associatedMedia\" itemscope itemtype=\"http:\/\/schema.org\/ImageObject\"> <a href=\"https:\/\/www.nagervermittlung-stuttgart.de\/wp\/die-drei-ratten-helga-joy-und-franzi-suchen-ein-neues-zuhause-kthbb950\/helga-und-joy\/\" border=\"0\" itemprop=\"url\"> <meta itemprop=\"width\" content=\"222\"> <meta itemprop=\"height\" content=\"222\"> <img data-attachment-id=\"21943\" data-orig-file=\"https:\/\/www.nagervermittlung-stuttgart.de\/wp-content\/uploads\/2023\/07\/Helga-und-Joy.jpg\" data-orig-size=\"1600,761\" data-comments-opened=\"\" data-image-meta=\"{&quot;aperture&quot;:&quot;0&quot;,&quot;credit&quot;:&quot;&quot;,&quot;camera&quot;:&quot;&quot;,&quot;caption&quot;:&quot;&quot;,&quot;created_timestamp&quot;:&quot;0&quot;,&quot;copyright&quot;:&quot;&quot;,&quot;focal_length&quot;:&quot;0&quot;,&quot;iso&quot;:&quot;0&quot;,&quot;shutter_speed&quot;:&quot;0&quot;,&quot;title&quot;:&quot;&quot;,&quot;orientation&quot;:&quot;0&quot;}\" data-image-title=\"Helga und Joy\" data-image-description=\"&lt;p&gt;Entschuldigung aber du hast nicht die Rechte um dieses Post zu sehen!&lt;\/p&gt; \" data-medium-file=\"https:\/\/i1.wp.com\/www.nagervermittlung-stuttgart.de\/wp-content\/uploads\/2023\/07\/Helga-und-Joy.jpg?fit=600%2C285&#038;ssl=1\" data-large-file=\"https:\/\/i1.wp.com\/www.nagervermittlung-stuttgart.de\/wp-content\/uploads\/2023\/07\/Helga-und-Joy.jpg?fit=678%2C322&#038;ssl=1\" src=\"https:\/\/i1.wp.com\/www.nagervermittlung-stuttgart.de\/wp-content\/uploads\/2023\/07\/Helga-und-Joy.jpg?w=222&#038;h=222&#038;crop=1&#038;ssl=1\" width=\"222\" height=\"222\" data-original-width=\"222\" data-original-height=\"222\" itemprop=\"http:\/\/schema.org\/image\" title=\"Helga und Joy\" alt=\"Helga und Joy\" style=\"width: 222px; height: 222px;\" \/> <\/a> <\/div> <\/div> <div class=\"gallery-group\" style=\"width: 226px; height: 226px;\" data-original-width=\"226\" data-original-height=\"226\" > <div class=\"tiled-gallery-item \" itemprop=\"associatedMedia\" itemscope itemtype=\"http:\/\/schema.org\/ImageObject\"> <a href=\"https:\/\/www.nagervermittlung-stuttgart.de\/wp\/die-drei-ratten-helga-joy-und-franzi-suchen-ein-neues-zuhause-kthbb950\/franzi\/\" border=\"0\" itemprop=\"url\"> <meta itemprop=\"width\" content=\"222\"> <meta itemprop=\"height\" content=\"222\"> <img data-attachment-id=\"21941\" data-orig-file=\"https:\/\/www.nagervermittlung-stuttgart.de\/wp-content\/uploads\/2023\/07\/Franzi.jpg\" data-orig-size=\"962,676\" data-comments-opened=\"\" data-image-meta=\"{&quot;aperture&quot;:&quot;0&quot;,&quot;credit&quot;:&quot;&quot;,&quot;camera&quot;:&quot;&quot;,&quot;caption&quot;:&quot;&quot;,&quot;created_timestamp&quot;:&quot;1688921639&quot;,&quot;copyright&quot;:&quot;&quot;,&quot;focal_length&quot;:&quot;0&quot;,&quot;iso&quot;:&quot;0&quot;,&quot;shutter_speed&quot;:&quot;0&quot;,&quot;title&quot;:&quot;&quot;,&quot;orientation&quot;:&quot;1&quot;}\" data-image-title=\"Franzi\" data-image-description=\"&lt;p&gt;Entschuldigung aber du hast nicht die Rechte um dieses Post zu sehen!&lt;\/p&gt; \" data-medium-file=\"https:\/\/i1.wp.com\/www.nagervermittlung-stuttgart.de\/wp-content\/uploads\/2023\/07\/Franzi.jpg?fit=600%2C422&#038;ssl=1\" data-large-file=\"https:\/\/i1.wp.com\/www.nagervermittlung-stuttgart.de\/wp-content\/uploads\/2023\/07\/Franzi.jpg?fit=678%2C476&#038;ssl=1\" src=\"https:\/\/i1.wp.com\/www.nagervermittlung-stuttgart.de\/wp-content\/uploads\/2023\/07\/Franzi.jpg?w=222&#038;h=222&#038;crop=1&#038;ssl=1\" width=\"222\" height=\"222\" data-original-width=\"222\" data-original-height=\"222\" itemprop=\"http:\/\/schema.org\/image\" title=\"Franzi\" alt=\"Franzi\" style=\"width: 222px; height: 222px;\" \/> <\/a> <\/div> <\/div> <\/div> <\/div><\/p>\n","protected":false},"excerpt":{"rendered":"<p>Die drei Rattenweibchen Helga, Joy und Franzi sind im Kreistierheim B\u00f6blingen abgegeben worden. Sie sind etwa 1,5 Jahre alt und sehr lieb, lediglich Franzi etwas \u00e4ngstlich. Wer hat Platz f\u00fcr <a class=\"more-link\" href=\"https:\/\/www.nagervermittlung-stuttgart.de\/wp\/die-drei-ratten-helga-joy-und-franzi-suchen-ein-neues-zuhause-kthbb950\/\">Mehr \u2192<\/a><\/p>\n","protected":false},"author":15,"featured_media":0,"comment_status":"closed","ping_status":"open","sticky":false,"template":"","format":"standard","meta":{"spay_email":"","jetpack_publicize_message":"","jetpack_is_tweetstorm":false},"categories":[],"tags":[],"jetpack_featured_media_url":"","jetpack_publicize_connections":[],"jetpack_sharing_enabled":true,"_links":{"self":[{"href":"https:\/\/www.nagervermittlung-stuttgart.de\/wp\/wp-json\/wp\/v2\/posts\/21939"}],"collection":[{"href":"https:\/\/www.nagervermittlung-stuttgart.de\/wp\/wp-json\/wp\/v2\/posts"}],"about":[{"href":"https:\/\/www.nagervermittlung-stuttgart.de\/wp\/wp-json\/wp\/v2\/types\/post"}],"author":[{"embeddable":true,"href":"https:\/\/www.nagervermittlung-stuttgart.de\/wp\/wp-json\/wp\/v2\/users\/15"}],"replies":[{"embeddable":true,"href":"https:\/\/www.nagervermittlung-stuttgart.de\/wp\/wp-json\/wp\/v2\/comments?post=21939"}],"version-history":[{"count":3,"href":"https:\/\/www.nagervermittlung-stuttgart.de\/wp\/wp-json\/wp\/v2\/posts\/21939\/revisions"}],"predecessor-version":[{"id":21947,"href":"https:\/\/www.nagervermittlung-stuttgart.de\/wp\/wp-json\/wp\/v2\/posts\/21939\/revisions\/21947"}],"wp:attachment":[{"href":"https:\/\/www.nagervermittlung-stuttgart.de\/wp\/wp-json\/wp\/v2\/media?parent=21939"}],"wp:term":[{"taxonomy":"category","embeddable":true,"href":"https:\/\/www.nagervermittlung-stuttgart.de\/wp\/wp-json\/wp\/v2\/categories?post=21939"},{"taxonomy":"post_tag","embeddable":true,"href":"https:\/\/www.nagervermittlung-stuttgart.de\/wp\/wp-json\/wp\/v2\/tags?post=21939"}],"curies":[{"name":"wp","href":"https:\/\/api.w.org\/{rel}","templated":true}]}}