{"id":19794,"date":"2022-04-17T15:05:20","date_gmt":"2022-04-17T15:05:20","guid":{"rendered":"https:\/\/www.nagervermittlung-stuttgart.de\/wp\/?p=19794"},"modified":"2022-04-17T15:05:20","modified_gmt":"2022-04-17T15:05:20","slug":"ratten-2-omis-auf-der-suche-p828","status":"publish","type":"post","link":"https:\/\/www.nagervermittlung-stuttgart.de\/wp\/ratten-2-omis-auf-der-suche-p828\/","title":{"rendered":"Ratten: 2 Omis auf der Suche (P828)"},"content":{"rendered":"<p>Von privat suchen zwei Omis dringend ein neues zu Hause, bevor eine alleine \u00fcberbleibt. Zuletzt waren sie zu dritt, vor kurzem ist die dritte Freundin leider aus einer Narkose nicht mehr aufgewacht.<\/p>\n<p>Die Besitzerin schreibt:<\/p>\n<p>Sie sind 2 Jahre und 2 Monate alt und ganz tolle, liebe Ratten.<\/p>\n<p>Shaggy(schwarz-weiss) ist die aufgeweckteste der drei und ist immer aktiv. Sie mag den Menschen, entscheidet aber gerne ob sie gerade angefasst m\u00f6chte oder nicht \ud83d\ude42<\/p>\n<p>Remmy (Husky) ist eher gem\u00fctlicher und meist am Napf zu finden. Sie l\u00e4sst sich hochheben und streicheln aber da sie aus schelchteren Verh\u00e4ltnissen kommt, k\u00f6nnte sie auch mal zwicken, wenn ihr gerade etwas nicht passt.<\/p>\n<p>Es w\u00e4re wundervoll wenn jemand mit einem vorhanden Rudel und liebevollen Umgang meine kleinen adoptieren w\u00fcrde. Aktuell sind alle fit und gesund.<\/p>\n<p><img data-attachment-id=\"19796\" data-permalink=\"https:\/\/www.nagervermittlung-stuttgart.de\/wp\/ratten-2-omis-auf-der-suche-p828\/screenshot_20220417-170348_whatsapp\/\" data-orig-file=\"https:\/\/i1.wp.com\/www.nagervermittlung-stuttgart.de\/wp-content\/uploads\/2022\/04\/Screenshot_20220417-170348_WhatsApp-e1650207872781.jpg?fit=1060%2C1345&amp;ssl=1\" data-orig-size=\"1060,1345\" data-comments-opened=\"0\" data-image-meta=\"{&quot;aperture&quot;:&quot;0&quot;,&quot;credit&quot;:&quot;&quot;,&quot;camera&quot;:&quot;&quot;,&quot;caption&quot;:&quot;&quot;,&quot;created_timestamp&quot;:&quot;0&quot;,&quot;copyright&quot;:&quot;&quot;,&quot;focal_length&quot;:&quot;0&quot;,&quot;iso&quot;:&quot;0&quot;,&quot;shutter_speed&quot;:&quot;0&quot;,&quot;title&quot;:&quot;&quot;,&quot;orientation&quot;:&quot;0&quot;}\" data-image-title=\"Screenshot_20220417-170348_WhatsApp\" data-image-description=\"\" data-medium-file=\"https:\/\/i1.wp.com\/www.nagervermittlung-stuttgart.de\/wp-content\/uploads\/2022\/04\/Screenshot_20220417-170348_WhatsApp-e1650207872781.jpg?fit=473%2C600&amp;ssl=1\" data-large-file=\"https:\/\/i1.wp.com\/www.nagervermittlung-stuttgart.de\/wp-content\/uploads\/2022\/04\/Screenshot_20220417-170348_WhatsApp-e1650207872781.jpg?fit=678%2C860&amp;ssl=1\" loading=\"lazy\" class=\"aligncenter size-medium wp-image-19796\" src=\"https:\/\/i0.wp.com\/www.nagervermittlung-stuttgart.de\/wp-content\/uploads\/2022\/04\/Screenshot_20220417-170348_WhatsApp-e1650207872781-473x600.jpg?resize=473%2C600&#038;ssl=1\" alt=\"\" width=\"473\" height=\"600\" srcset=\"https:\/\/i1.wp.com\/www.nagervermittlung-stuttgart.de\/wp-content\/uploads\/2022\/04\/Screenshot_20220417-170348_WhatsApp-e1650207872781.jpg?resize=473%2C600&amp;ssl=1 473w, https:\/\/i1.wp.com\/www.nagervermittlung-stuttgart.de\/wp-content\/uploads\/2022\/04\/Screenshot_20220417-170348_WhatsApp-e1650207872781.jpg?resize=807%2C1024&amp;ssl=1 807w, https:\/\/i1.wp.com\/www.nagervermittlung-stuttgart.de\/wp-content\/uploads\/2022\/04\/Screenshot_20220417-170348_WhatsApp-e1650207872781.jpg?resize=768%2C974&amp;ssl=1 768w, https:\/\/i1.wp.com\/www.nagervermittlung-stuttgart.de\/wp-content\/uploads\/2022\/04\/Screenshot_20220417-170348_WhatsApp-e1650207872781.jpg?w=1060&amp;ssl=1 1060w\" sizes=\"(max-width: 473px) 100vw, 473px\" data-recalc-dims=\"1\" \/><\/p>\n","protected":false},"excerpt":{"rendered":"<p>Von privat suchen zwei Omis dringend ein neues zu Hause, bevor eine alleine \u00fcberbleibt. Zuletzt waren sie zu dritt, vor kurzem ist die dritte Freundin leider aus einer Narkose nicht <a class=\"more-link\" href=\"https:\/\/www.nagervermittlung-stuttgart.de\/wp\/ratten-2-omis-auf-der-suche-p828\/\">Mehr \u2192<\/a><\/p>\n","protected":false},"author":4,"featured_media":19796,"comment_status":"closed","ping_status":"open","sticky":false,"template":"","format":"standard","meta":{"spay_email":"","jetpack_publicize_message":"","jetpack_is_tweetstorm":false},"categories":[],"tags":[],"jetpack_featured_media_url":"https:\/\/i1.wp.com\/www.nagervermittlung-stuttgart.de\/wp-content\/uploads\/2022\/04\/Screenshot_20220417-170348_WhatsApp-e1650207872781.jpg?fit=1060%2C1345&ssl=1","jetpack_publicize_connections":[],"jetpack_sharing_enabled":true,"_links":{"self":[{"href":"https:\/\/www.nagervermittlung-stuttgart.de\/wp\/wp-json\/wp\/v2\/posts\/19794"}],"collection":[{"href":"https:\/\/www.nagervermittlung-stuttgart.de\/wp\/wp-json\/wp\/v2\/posts"}],"about":[{"href":"https:\/\/www.nagervermittlung-stuttgart.de\/wp\/wp-json\/wp\/v2\/types\/post"}],"author":[{"embeddable":true,"href":"https:\/\/www.nagervermittlung-stuttgart.de\/wp\/wp-json\/wp\/v2\/users\/4"}],"replies":[{"embeddable":true,"href":"https:\/\/www.nagervermittlung-stuttgart.de\/wp\/wp-json\/wp\/v2\/comments?post=19794"}],"version-history":[{"count":1,"href":"https:\/\/www.nagervermittlung-stuttgart.de\/wp\/wp-json\/wp\/v2\/posts\/19794\/revisions"}],"predecessor-version":[{"id":19797,"href":"https:\/\/www.nagervermittlung-stuttgart.de\/wp\/wp-json\/wp\/v2\/posts\/19794\/revisions\/19797"}],"wp:featuredmedia":[{"embeddable":true,"href":"https:\/\/www.nagervermittlung-stuttgart.de\/wp\/wp-json\/wp\/v2\/media\/19796"}],"wp:attachment":[{"href":"https:\/\/www.nagervermittlung-stuttgart.de\/wp\/wp-json\/wp\/v2\/media?parent=19794"}],"wp:term":[{"taxonomy":"category","embeddable":true,"href":"https:\/\/www.nagervermittlung-stuttgart.de\/wp\/wp-json\/wp\/v2\/categories?post=19794"},{"taxonomy":"post_tag","embeddable":true,"href":"https:\/\/www.nagervermittlung-stuttgart.de\/wp\/wp-json\/wp\/v2\/tags?post=19794"}],"curies":[{"name":"wp","href":"https:\/\/api.w.org\/{rel}","templated":true}]}}