{"id":16596,"date":"2020-10-18T22:14:12","date_gmt":"2020-10-18T22:14:12","guid":{"rendered":"https:\/\/www.nagervermittlung-stuttgart.de\/wp\/?p=16596"},"modified":"2020-10-18T22:14:12","modified_gmt":"2020-10-18T22:14:12","slug":"ratten-wurf-auf-der-welt-psrt661","status":"publish","type":"post","link":"https:\/\/www.nagervermittlung-stuttgart.de\/wp\/ratten-wurf-auf-der-welt-psrt661\/","title":{"rendered":"Ratten: Wurf auf der Welt (PSRT661)"},"content":{"rendered":"<p>Am 13.10. sind hier 9 kleine W\u00fcrmchen geboren die zum Gl\u00fcck nicht die Welt so kennenlernen m\u00fcssen wie sie ihre Eltern bisher kannten. Die 4 Erwachsenen M\u00e4dels k\u00fcmmern sich alle gemeinsam um den Wurf, neben Mama d\u00fcrfen auch alle Tanten mal ins Nest, w\u00e4rmen und putzen die Kleinen &lt;3 zwei der M\u00e4dels sind auf jeden Fall \u00e4lter, eine atmet immernoch etwas schwerer.\u00a0 Die Kotprobe war komplett negativ, wundersamer Weise haben sie nichts mitgebracht, keine Einzeller, W\u00fcrmer, Bakterien&#8230;<\/p>\n","protected":false},"excerpt":{"rendered":"<p>Am 13.10. sind hier 9 kleine W\u00fcrmchen geboren die zum Gl\u00fcck nicht die Welt so kennenlernen m\u00fcssen wie sie ihre Eltern bisher kannten. Die 4 Erwachsenen M\u00e4dels k\u00fcmmern sich alle <a class=\"more-link\" href=\"https:\/\/www.nagervermittlung-stuttgart.de\/wp\/ratten-wurf-auf-der-welt-psrt661\/\">Mehr \u2192<\/a><\/p>\n","protected":false},"author":4,"featured_media":0,"comment_status":"closed","ping_status":"open","sticky":false,"template":"","format":"standard","meta":{"spay_email":"","jetpack_publicize_message":"","jetpack_is_tweetstorm":false},"categories":[],"tags":[],"jetpack_featured_media_url":"","jetpack_publicize_connections":[],"jetpack_sharing_enabled":true,"_links":{"self":[{"href":"https:\/\/www.nagervermittlung-stuttgart.de\/wp\/wp-json\/wp\/v2\/posts\/16596"}],"collection":[{"href":"https:\/\/www.nagervermittlung-stuttgart.de\/wp\/wp-json\/wp\/v2\/posts"}],"about":[{"href":"https:\/\/www.nagervermittlung-stuttgart.de\/wp\/wp-json\/wp\/v2\/types\/post"}],"author":[{"embeddable":true,"href":"https:\/\/www.nagervermittlung-stuttgart.de\/wp\/wp-json\/wp\/v2\/users\/4"}],"replies":[{"embeddable":true,"href":"https:\/\/www.nagervermittlung-stuttgart.de\/wp\/wp-json\/wp\/v2\/comments?post=16596"}],"version-history":[{"count":1,"href":"https:\/\/www.nagervermittlung-stuttgart.de\/wp\/wp-json\/wp\/v2\/posts\/16596\/revisions"}],"predecessor-version":[{"id":16597,"href":"https:\/\/www.nagervermittlung-stuttgart.de\/wp\/wp-json\/wp\/v2\/posts\/16596\/revisions\/16597"}],"wp:attachment":[{"href":"https:\/\/www.nagervermittlung-stuttgart.de\/wp\/wp-json\/wp\/v2\/media?parent=16596"}],"wp:term":[{"taxonomy":"category","embeddable":true,"href":"https:\/\/www.nagervermittlung-stuttgart.de\/wp\/wp-json\/wp\/v2\/categories?post=16596"},{"taxonomy":"post_tag","embeddable":true,"href":"https:\/\/www.nagervermittlung-stuttgart.de\/wp\/wp-json\/wp\/v2\/tags?post=16596"}],"curies":[{"name":"wp","href":"https:\/\/api.w.org\/{rel}","templated":true}]}}