{"id":14227,"date":"2019-07-19T21:07:03","date_gmt":"2019-07-19T21:07:03","guid":{"rendered":"http:\/\/nagervermittlung-stuttgart.de\/wp\/?p=14227"},"modified":"2019-07-19T21:07:03","modified_gmt":"2019-07-19T21:07:03","slug":"ratten-neues-video-der-kleinen-psrt546","status":"publish","type":"post","link":"https:\/\/www.nagervermittlung-stuttgart.de\/wp\/ratten-neues-video-der-kleinen-psrt546\/","title":{"rendered":"Ratten: neues video der Kleinen (PSRT546)"},"content":{"rendered":"<p>Mama und die Zwerge sind wohlauf, mittlerweile sind alle munter im K\u00e4fig unterwegs und fressen selbstst\u00e4ndig mit, nehmen Brei und Leckerli aus der Hand und sind schon total neugierig. Die 7 M\u00e4dels und auch die Mama sind absolut lieb und Anf\u00e4ngergeeignet.<\/p>\n<p><span class=\"embed-youtube\" style=\"text-align:center; display: block;\"><iframe class='youtube-player' width='678' height='382' src='https:\/\/www.youtube.com\/embed\/QupBFtOafn0?version=3&#038;rel=1&#038;showsearch=0&#038;showinfo=1&#038;iv_load_policy=1&#038;fs=1&#038;hl=de-DE&#038;autohide=2&#038;wmode=transparent' allowfullscreen='true' style='border:0;' sandbox='allow-scripts allow-same-origin allow-popups allow-presentation'><\/iframe><\/span><\/p>\n","protected":false},"excerpt":{"rendered":"<p>Mama und die Zwerge sind wohlauf, mittlerweile sind alle munter im K\u00e4fig unterwegs und fressen selbstst\u00e4ndig mit, nehmen Brei und Leckerli aus der Hand und sind schon total neugierig. Die <a class=\"more-link\" href=\"https:\/\/www.nagervermittlung-stuttgart.de\/wp\/ratten-neues-video-der-kleinen-psrt546\/\">Mehr \u2192<\/a><\/p>\n","protected":false},"author":4,"featured_media":0,"comment_status":"closed","ping_status":"open","sticky":false,"template":"","format":"standard","meta":{"spay_email":"","jetpack_publicize_message":"","jetpack_is_tweetstorm":false},"categories":[],"tags":[],"jetpack_featured_media_url":"","jetpack_publicize_connections":[],"jetpack_sharing_enabled":true,"_links":{"self":[{"href":"https:\/\/www.nagervermittlung-stuttgart.de\/wp\/wp-json\/wp\/v2\/posts\/14227"}],"collection":[{"href":"https:\/\/www.nagervermittlung-stuttgart.de\/wp\/wp-json\/wp\/v2\/posts"}],"about":[{"href":"https:\/\/www.nagervermittlung-stuttgart.de\/wp\/wp-json\/wp\/v2\/types\/post"}],"author":[{"embeddable":true,"href":"https:\/\/www.nagervermittlung-stuttgart.de\/wp\/wp-json\/wp\/v2\/users\/4"}],"replies":[{"embeddable":true,"href":"https:\/\/www.nagervermittlung-stuttgart.de\/wp\/wp-json\/wp\/v2\/comments?post=14227"}],"version-history":[{"count":1,"href":"https:\/\/www.nagervermittlung-stuttgart.de\/wp\/wp-json\/wp\/v2\/posts\/14227\/revisions"}],"predecessor-version":[{"id":14228,"href":"https:\/\/www.nagervermittlung-stuttgart.de\/wp\/wp-json\/wp\/v2\/posts\/14227\/revisions\/14228"}],"wp:attachment":[{"href":"https:\/\/www.nagervermittlung-stuttgart.de\/wp\/wp-json\/wp\/v2\/media?parent=14227"}],"wp:term":[{"taxonomy":"category","embeddable":true,"href":"https:\/\/www.nagervermittlung-stuttgart.de\/wp\/wp-json\/wp\/v2\/categories?post=14227"},{"taxonomy":"post_tag","embeddable":true,"href":"https:\/\/www.nagervermittlung-stuttgart.de\/wp\/wp-json\/wp\/v2\/tags?post=14227"}],"curies":[{"name":"wp","href":"https:\/\/api.w.org\/{rel}","templated":true}]}}