{"id":13270,"date":"2018-12-15T22:36:22","date_gmt":"2018-12-15T22:36:22","guid":{"rendered":"http:\/\/nagervermittlung-stuttgart.de\/wp\/?p=13270"},"modified":"2018-12-15T22:36:22","modified_gmt":"2018-12-15T22:36:22","slug":"vermittelt-erfolgreiches-wochenende","status":"publish","type":"post","link":"https:\/\/www.nagervermittlung-stuttgart.de\/wp\/vermittelt-erfolgreiches-wochenende\/","title":{"rendered":"Vermittelt! Erfolgreiches Wochenende"},"content":{"rendered":"<p>Wir haben die absolut winzige Nadel im Heuhaufen gefunden und eine unglaublich tolle neue Familie f\u00fcr die beiden scheuen M\u00e4dels aus Reutlingen gefunden. Die M\u00e4dels d\u00fcrfen morgen aufziehen und sich ganz in Ruhe und mit viel Geduld und Zeit in ihrem neuen Heim einleben, wir sind so gl\u00fccklich, wir h\u00e4tten fast geglaubt dass die beiden zu Langzeitinsassen werden. Vielen vielen Dank!<\/p>\n<p>Dieses Wochenende konnten wir auch helfen das Tierheim Kirchheim rattenfrei zu machen, die beiden Jungs Hans&amp;Franz durften in ein neues Heim ziehen und gleichzeitig konnte die neue Besitzerin helfen die beiden M\u00e4dels Anja&amp;Funny ins neue Heim zu transportieren.<\/p>\n<p>Leider durfte Hans sein Gl\u00fcck nicht mehr lange genie\u00dfen, er war wohl schwer krank und starb heute Nacht&#8230; Es tut uns unendlich leid f\u00fcr Hans, aber auch f\u00fcr seine neue Familie.<\/p>\n","protected":false},"excerpt":{"rendered":"<p>Wir haben die absolut winzige Nadel im Heuhaufen gefunden und eine unglaublich tolle neue Familie f\u00fcr die beiden scheuen M\u00e4dels aus Reutlingen gefunden. Die M\u00e4dels d\u00fcrfen morgen aufziehen und sich <a class=\"more-link\" href=\"https:\/\/www.nagervermittlung-stuttgart.de\/wp\/vermittelt-erfolgreiches-wochenende\/\">Mehr \u2192<\/a><\/p>\n","protected":false},"author":4,"featured_media":0,"comment_status":"closed","ping_status":"open","sticky":false,"template":"","format":"standard","meta":{"spay_email":"","jetpack_publicize_message":"","jetpack_is_tweetstorm":false},"categories":[603],"tags":[],"jetpack_featured_media_url":"","jetpack_publicize_connections":[],"jetpack_sharing_enabled":true,"_links":{"self":[{"href":"https:\/\/www.nagervermittlung-stuttgart.de\/wp\/wp-json\/wp\/v2\/posts\/13270"}],"collection":[{"href":"https:\/\/www.nagervermittlung-stuttgart.de\/wp\/wp-json\/wp\/v2\/posts"}],"about":[{"href":"https:\/\/www.nagervermittlung-stuttgart.de\/wp\/wp-json\/wp\/v2\/types\/post"}],"author":[{"embeddable":true,"href":"https:\/\/www.nagervermittlung-stuttgart.de\/wp\/wp-json\/wp\/v2\/users\/4"}],"replies":[{"embeddable":true,"href":"https:\/\/www.nagervermittlung-stuttgart.de\/wp\/wp-json\/wp\/v2\/comments?post=13270"}],"version-history":[{"count":1,"href":"https:\/\/www.nagervermittlung-stuttgart.de\/wp\/wp-json\/wp\/v2\/posts\/13270\/revisions"}],"predecessor-version":[{"id":13271,"href":"https:\/\/www.nagervermittlung-stuttgart.de\/wp\/wp-json\/wp\/v2\/posts\/13270\/revisions\/13271"}],"wp:attachment":[{"href":"https:\/\/www.nagervermittlung-stuttgart.de\/wp\/wp-json\/wp\/v2\/media?parent=13270"}],"wp:term":[{"taxonomy":"category","embeddable":true,"href":"https:\/\/www.nagervermittlung-stuttgart.de\/wp\/wp-json\/wp\/v2\/categories?post=13270"},{"taxonomy":"post_tag","embeddable":true,"href":"https:\/\/www.nagervermittlung-stuttgart.de\/wp\/wp-json\/wp\/v2\/tags?post=13270"}],"curies":[{"name":"wp","href":"https:\/\/api.w.org\/{rel}","templated":true}]}}