{"id":13072,"date":"2018-10-30T22:50:28","date_gmt":"2018-10-30T22:50:28","guid":{"rendered":"http:\/\/nagervermittlung-stuttgart.de\/wp\/?p=13072"},"modified":"2018-10-30T22:58:36","modified_gmt":"2018-10-30T22:58:36","slug":"degu-eva-lb472","status":"publish","type":"post","link":"https:\/\/www.nagervermittlung-stuttgart.de\/wp\/degu-eva-lb472\/","title":{"rendered":"Degu Eva (LB473)"},"content":{"rendered":"<p>Eva wurde gemeinsam mit\u00a0Finja und Romy im Tierheim Ludwigsburg abgegeben. Leider versteht sie sich mit den anderen Degudamen nicht, daher sucht sie alleine ein Zuhause und w\u00fcrde sich \u00fcber eine weibliche Gruppe freuen. Noch ist Eva etwas sch\u00fcchtern und zur\u00fcckhaltend &#8211; dies lie\u00dfe sich aber sicher mit ein paar N\u00fcssen und ein wenig Geduld \u00e4ndern.<\/p>\n<p><img data-attachment-id=\"13073\" data-permalink=\"https:\/\/www.nagervermittlung-stuttgart.de\/wp\/degu-eva-lb472\/degu-eva_lb473\/\" data-orig-file=\"https:\/\/i0.wp.com\/www.nagervermittlung-stuttgart.de\/wp-content\/uploads\/2018\/10\/Degu-Eva_LB473.jpg?fit=4000%2C3000&amp;ssl=1\" data-orig-size=\"4000,3000\" data-comments-opened=\"0\" data-image-meta=\"{&quot;aperture&quot;:&quot;3.5&quot;,&quot;credit&quot;:&quot;&quot;,&quot;camera&quot;:&quot;COOLPIX P90&quot;,&quot;caption&quot;:&quot;&quot;,&quot;created_timestamp&quot;:&quot;1536014229&quot;,&quot;copyright&quot;:&quot;&quot;,&quot;focal_length&quot;:&quot;9.2&quot;,&quot;iso&quot;:&quot;800&quot;,&quot;shutter_speed&quot;:&quot;0.016666666666667&quot;,&quot;title&quot;:&quot;&quot;,&quot;orientation&quot;:&quot;1&quot;}\" data-image-title=\"Degu Eva_LB473\" data-image-description=\"\" data-medium-file=\"https:\/\/i0.wp.com\/www.nagervermittlung-stuttgart.de\/wp-content\/uploads\/2018\/10\/Degu-Eva_LB473.jpg?fit=600%2C450&amp;ssl=1\" data-large-file=\"https:\/\/i0.wp.com\/www.nagervermittlung-stuttgart.de\/wp-content\/uploads\/2018\/10\/Degu-Eva_LB473.jpg?fit=678%2C509&amp;ssl=1\" loading=\"lazy\" class=\"alignnone size-medium wp-image-13073\" src=\"https:\/\/i0.wp.com\/nagervermittlung-stuttgart.de\/wp\/wp-content\/uploads\/2018\/10\/Degu-Eva_LB473-600x450.jpg?resize=600%2C450\" alt=\"\" width=\"600\" height=\"450\" srcset=\"https:\/\/i0.wp.com\/www.nagervermittlung-stuttgart.de\/wp-content\/uploads\/2018\/10\/Degu-Eva_LB473.jpg?resize=600%2C450&amp;ssl=1 600w, https:\/\/i0.wp.com\/www.nagervermittlung-stuttgart.de\/wp-content\/uploads\/2018\/10\/Degu-Eva_LB473.jpg?resize=768%2C576&amp;ssl=1 768w, https:\/\/i0.wp.com\/www.nagervermittlung-stuttgart.de\/wp-content\/uploads\/2018\/10\/Degu-Eva_LB473.jpg?resize=1024%2C768&amp;ssl=1 1024w, https:\/\/i0.wp.com\/www.nagervermittlung-stuttgart.de\/wp-content\/uploads\/2018\/10\/Degu-Eva_LB473.jpg?w=1356&amp;ssl=1 1356w, https:\/\/i0.wp.com\/www.nagervermittlung-stuttgart.de\/wp-content\/uploads\/2018\/10\/Degu-Eva_LB473.jpg?w=2034&amp;ssl=1 2034w\" sizes=\"(max-width: 600px) 100vw, 600px\" data-recalc-dims=\"1\" \/><\/p>\n","protected":false},"excerpt":{"rendered":"<p>Eva wurde gemeinsam mit\u00a0Finja und Romy im Tierheim Ludwigsburg abgegeben. Leider versteht sie sich mit den anderen Degudamen nicht, daher sucht sie alleine ein Zuhause und w\u00fcrde sich \u00fcber eine <a class=\"more-link\" href=\"https:\/\/www.nagervermittlung-stuttgart.de\/wp\/degu-eva-lb472\/\">Mehr \u2192<\/a><\/p>\n","protected":false},"author":18,"featured_media":0,"comment_status":"closed","ping_status":"open","sticky":false,"template":"","format":"standard","meta":{"spay_email":"","jetpack_publicize_message":"","jetpack_is_tweetstorm":false},"categories":[],"tags":[696,618,259,693,697,694,695],"jetpack_featured_media_url":"","jetpack_publicize_connections":[],"jetpack_sharing_enabled":true,"_links":{"self":[{"href":"https:\/\/www.nagervermittlung-stuttgart.de\/wp\/wp-json\/wp\/v2\/posts\/13072"}],"collection":[{"href":"https:\/\/www.nagervermittlung-stuttgart.de\/wp\/wp-json\/wp\/v2\/posts"}],"about":[{"href":"https:\/\/www.nagervermittlung-stuttgart.de\/wp\/wp-json\/wp\/v2\/types\/post"}],"author":[{"embeddable":true,"href":"https:\/\/www.nagervermittlung-stuttgart.de\/wp\/wp-json\/wp\/v2\/users\/18"}],"replies":[{"embeddable":true,"href":"https:\/\/www.nagervermittlung-stuttgart.de\/wp\/wp-json\/wp\/v2\/comments?post=13072"}],"version-history":[{"count":4,"href":"https:\/\/www.nagervermittlung-stuttgart.de\/wp\/wp-json\/wp\/v2\/posts\/13072\/revisions"}],"predecessor-version":[{"id":13077,"href":"https:\/\/www.nagervermittlung-stuttgart.de\/wp\/wp-json\/wp\/v2\/posts\/13072\/revisions\/13077"}],"wp:attachment":[{"href":"https:\/\/www.nagervermittlung-stuttgart.de\/wp\/wp-json\/wp\/v2\/media?parent=13072"}],"wp:term":[{"taxonomy":"category","embeddable":true,"href":"https:\/\/www.nagervermittlung-stuttgart.de\/wp\/wp-json\/wp\/v2\/categories?post=13072"},{"taxonomy":"post_tag","embeddable":true,"href":"https:\/\/www.nagervermittlung-stuttgart.de\/wp\/wp-json\/wp\/v2\/tags?post=13072"}],"curies":[{"name":"wp","href":"https:\/\/api.w.org\/{rel}","templated":true}]}}