{"id":13007,"date":"2018-10-25T07:01:41","date_gmt":"2018-10-25T07:01:41","guid":{"rendered":"http:\/\/nagervermittlung-stuttgart.de\/wp\/?p=13007"},"modified":"2018-10-25T07:01:41","modified_gmt":"2018-10-25T07:01:41","slug":"ratten-neues-quartett-in-stuttgart-s467","status":"publish","type":"post","link":"https:\/\/www.nagervermittlung-stuttgart.de\/wp\/ratten-neues-quartett-in-stuttgart-s467\/","title":{"rendered":"Ratten: Neues Quartett in Stuttgart (S467)"},"content":{"rendered":"<p>Leider mussten auch diese vier M\u00e4dels die Erfahrung machen, was es hei\u00dft ausgesetzt zu werden. Zudem hatte Lara noch einen go\u00dfen Tumor um den sich bis dahin wohl niemand k\u00fcmmern wollte, dieser wurde im Tierheim gleich operiert und Lara hat alles gut \u00fcberstanden! Die vier S\u00fc\u00dfen suchen, entweder 2&#215;2 oder alle 4 zusammen ein neues zu Hause!<\/p>\n<div class=\"tiled-gallery type-rectangular tiled-gallery-unresized\" data-original-width=\"678\" data-carousel-extra='{&quot;blog_id&quot;:1,&quot;permalink&quot;:&quot;https:\\\/\\\/www.nagervermittlung-stuttgart.de\\\/wp\\\/ratten-neues-quartett-in-stuttgart-s467\\\/&quot;,&quot;likes_blog_id&quot;:165017540}' itemscope itemtype=\"http:\/\/schema.org\/ImageGallery\" > <div class=\"gallery-row\" style=\"width: 678px; height: 340px;\" data-original-width=\"678\" data-original-height=\"340\" > <div class=\"gallery-group images-1\" style=\"width: 452px; height: 340px;\" data-original-width=\"452\" data-original-height=\"340\" > <div class=\"tiled-gallery-item tiled-gallery-item-large\" itemprop=\"associatedMedia\" itemscope itemtype=\"http:\/\/schema.org\/ImageObject\"> <a href=\"https:\/\/www.nagervermittlung-stuttgart.de\/wp\/ratten-neues-quartett-in-stuttgart-s467\/s4671\/\" border=\"0\" itemprop=\"url\"> <meta itemprop=\"width\" content=\"448\"> <meta itemprop=\"height\" content=\"336\"> <img data-attachment-id=\"13010\" data-orig-file=\"https:\/\/www.nagervermittlung-stuttgart.de\/wp-content\/uploads\/2018\/10\/s4671.jpg\" data-orig-size=\"1600,1200\" data-comments-opened=\"\" data-image-meta=\"{&quot;aperture&quot;:&quot;0&quot;,&quot;credit&quot;:&quot;&quot;,&quot;camera&quot;:&quot;&quot;,&quot;caption&quot;:&quot;&quot;,&quot;created_timestamp&quot;:&quot;0&quot;,&quot;copyright&quot;:&quot;&quot;,&quot;focal_length&quot;:&quot;0&quot;,&quot;iso&quot;:&quot;0&quot;,&quot;shutter_speed&quot;:&quot;0&quot;,&quot;title&quot;:&quot;&quot;,&quot;orientation&quot;:&quot;0&quot;}\" data-image-title=\"s4671\" data-image-description=\"&lt;p&gt;Entschuldigung aber du hast nicht die Rechte um dieses Post zu sehen!&lt;\/p&gt; \" data-medium-file=\"https:\/\/i1.wp.com\/www.nagervermittlung-stuttgart.de\/wp-content\/uploads\/2018\/10\/s4671.jpg?fit=600%2C450&#038;ssl=1\" data-large-file=\"https:\/\/i1.wp.com\/www.nagervermittlung-stuttgart.de\/wp-content\/uploads\/2018\/10\/s4671.jpg?fit=678%2C509&#038;ssl=1\" src=\"https:\/\/i1.wp.com\/www.nagervermittlung-stuttgart.de\/wp-content\/uploads\/2018\/10\/s4671.jpg?w=448&#038;h=336&#038;ssl=1\" width=\"448\" height=\"336\" data-original-width=\"448\" data-original-height=\"336\" itemprop=\"http:\/\/schema.org\/image\" title=\"s4671\" alt=\"s4671\" style=\"width: 448px; height: 336px;\" \/> <\/a> <\/div> <\/div> <!-- close group --> <div class=\"gallery-group images-2\" style=\"width: 226px; height: 340px;\" data-original-width=\"226\" data-original-height=\"340\" > <div class=\"tiled-gallery-item tiled-gallery-item-small\" itemprop=\"associatedMedia\" itemscope itemtype=\"http:\/\/schema.org\/ImageObject\"> <a href=\"https:\/\/www.nagervermittlung-stuttgart.de\/wp\/ratten-neues-quartett-in-stuttgart-s467\/s3672\/\" border=\"0\" itemprop=\"url\"> <meta itemprop=\"width\" content=\"222\"> <meta itemprop=\"height\" content=\"166\"> <img data-attachment-id=\"13009\" data-orig-file=\"https:\/\/www.nagervermittlung-stuttgart.de\/wp-content\/uploads\/2018\/10\/s3672.jpg\" data-orig-size=\"1600,1200\" data-comments-opened=\"\" data-image-meta=\"{&quot;aperture&quot;:&quot;0&quot;,&quot;credit&quot;:&quot;&quot;,&quot;camera&quot;:&quot;&quot;,&quot;caption&quot;:&quot;&quot;,&quot;created_timestamp&quot;:&quot;0&quot;,&quot;copyright&quot;:&quot;&quot;,&quot;focal_length&quot;:&quot;0&quot;,&quot;iso&quot;:&quot;0&quot;,&quot;shutter_speed&quot;:&quot;0&quot;,&quot;title&quot;:&quot;&quot;,&quot;orientation&quot;:&quot;0&quot;}\" data-image-title=\"s3672\" data-image-description=\"&lt;p&gt;Entschuldigung aber du hast nicht die Rechte um dieses Post zu sehen!&lt;\/p&gt; \" data-medium-file=\"https:\/\/i2.wp.com\/www.nagervermittlung-stuttgart.de\/wp-content\/uploads\/2018\/10\/s3672.jpg?fit=600%2C450&#038;ssl=1\" data-large-file=\"https:\/\/i2.wp.com\/www.nagervermittlung-stuttgart.de\/wp-content\/uploads\/2018\/10\/s3672.jpg?fit=678%2C509&#038;ssl=1\" src=\"https:\/\/i2.wp.com\/www.nagervermittlung-stuttgart.de\/wp-content\/uploads\/2018\/10\/s3672.jpg?w=222&#038;h=166&#038;ssl=1\" width=\"222\" height=\"166\" data-original-width=\"222\" data-original-height=\"166\" itemprop=\"http:\/\/schema.org\/image\" title=\"s3672\" alt=\"s3672\" style=\"width: 222px; height: 166px;\" \/> <\/a> <\/div> <div class=\"tiled-gallery-item tiled-gallery-item-small\" itemprop=\"associatedMedia\" itemscope itemtype=\"http:\/\/schema.org\/ImageObject\"> <a href=\"https:\/\/www.nagervermittlung-stuttgart.de\/wp\/ratten-neues-quartett-in-stuttgart-s467\/s467\/\" border=\"0\" itemprop=\"url\"> <meta itemprop=\"width\" content=\"222\"> <meta itemprop=\"height\" content=\"166\"> <img data-attachment-id=\"13008\" data-orig-file=\"https:\/\/www.nagervermittlung-stuttgart.de\/wp-content\/uploads\/2018\/10\/s467.jpg\" data-orig-size=\"1600,1200\" data-comments-opened=\"\" data-image-meta=\"{&quot;aperture&quot;:&quot;0&quot;,&quot;credit&quot;:&quot;&quot;,&quot;camera&quot;:&quot;&quot;,&quot;caption&quot;:&quot;&quot;,&quot;created_timestamp&quot;:&quot;0&quot;,&quot;copyright&quot;:&quot;&quot;,&quot;focal_length&quot;:&quot;0&quot;,&quot;iso&quot;:&quot;0&quot;,&quot;shutter_speed&quot;:&quot;0&quot;,&quot;title&quot;:&quot;&quot;,&quot;orientation&quot;:&quot;0&quot;}\" data-image-title=\"s467\" data-image-description=\"&lt;p&gt;Entschuldigung aber du hast nicht die Rechte um dieses Post zu sehen!&lt;\/p&gt; \" data-medium-file=\"https:\/\/i1.wp.com\/www.nagervermittlung-stuttgart.de\/wp-content\/uploads\/2018\/10\/s467.jpg?fit=600%2C450&#038;ssl=1\" data-large-file=\"https:\/\/i1.wp.com\/www.nagervermittlung-stuttgart.de\/wp-content\/uploads\/2018\/10\/s467.jpg?fit=678%2C509&#038;ssl=1\" src=\"https:\/\/i1.wp.com\/www.nagervermittlung-stuttgart.de\/wp-content\/uploads\/2018\/10\/s467.jpg?w=222&#038;h=166&#038;ssl=1\" width=\"222\" height=\"166\" data-original-width=\"222\" data-original-height=\"166\" itemprop=\"http:\/\/schema.org\/image\" title=\"s467\" alt=\"s467\" style=\"width: 222px; height: 166px;\" \/> <\/a> <\/div> <\/div> <!-- close group --> <\/div> <!-- close row --> <\/div>\n","protected":false},"excerpt":{"rendered":"<p>Leider mussten auch diese vier M\u00e4dels die Erfahrung machen, was es hei\u00dft ausgesetzt zu werden. Zudem hatte Lara noch einen go\u00dfen Tumor um den sich bis dahin wohl niemand k\u00fcmmern <a class=\"more-link\" href=\"https:\/\/www.nagervermittlung-stuttgart.de\/wp\/ratten-neues-quartett-in-stuttgart-s467\/\">Mehr \u2192<\/a><\/p>\n","protected":false},"author":4,"featured_media":0,"comment_status":"closed","ping_status":"open","sticky":false,"template":"","format":"standard","meta":{"spay_email":"","jetpack_publicize_message":"","jetpack_is_tweetstorm":false},"categories":[],"tags":[],"jetpack_featured_media_url":"","jetpack_publicize_connections":[],"jetpack_sharing_enabled":true,"_links":{"self":[{"href":"https:\/\/www.nagervermittlung-stuttgart.de\/wp\/wp-json\/wp\/v2\/posts\/13007"}],"collection":[{"href":"https:\/\/www.nagervermittlung-stuttgart.de\/wp\/wp-json\/wp\/v2\/posts"}],"about":[{"href":"https:\/\/www.nagervermittlung-stuttgart.de\/wp\/wp-json\/wp\/v2\/types\/post"}],"author":[{"embeddable":true,"href":"https:\/\/www.nagervermittlung-stuttgart.de\/wp\/wp-json\/wp\/v2\/users\/4"}],"replies":[{"embeddable":true,"href":"https:\/\/www.nagervermittlung-stuttgart.de\/wp\/wp-json\/wp\/v2\/comments?post=13007"}],"version-history":[{"count":1,"href":"https:\/\/www.nagervermittlung-stuttgart.de\/wp\/wp-json\/wp\/v2\/posts\/13007\/revisions"}],"predecessor-version":[{"id":13011,"href":"https:\/\/www.nagervermittlung-stuttgart.de\/wp\/wp-json\/wp\/v2\/posts\/13007\/revisions\/13011"}],"wp:attachment":[{"href":"https:\/\/www.nagervermittlung-stuttgart.de\/wp\/wp-json\/wp\/v2\/media?parent=13007"}],"wp:term":[{"taxonomy":"category","embeddable":true,"href":"https:\/\/www.nagervermittlung-stuttgart.de\/wp\/wp-json\/wp\/v2\/categories?post=13007"},{"taxonomy":"post_tag","embeddable":true,"href":"https:\/\/www.nagervermittlung-stuttgart.de\/wp\/wp-json\/wp\/v2\/tags?post=13007"}],"curies":[{"name":"wp","href":"https:\/\/api.w.org\/{rel}","templated":true}]}}